{"id":4314,"date":"2017-05-15T13:12:08","date_gmt":"2017-05-15T18:12:08","guid":{"rendered":"http:\/\/www.inter-accion.com.mx\/?p=4314"},"modified":"2017-05-15T13:12:08","modified_gmt":"2017-05-15T18:12:08","slug":"ceteg-marcha-en-la-autopista-del-sol-en-chilpancingo","status":"publish","type":"post","link":"https:\/\/www.interaccionnoticias.com.mx\/?p=4314","title":{"rendered":"Marcha CETEG por el D\u00eda del Maestro"},"content":{"rendered":"<p><br \/>\n<strong>Recorren la Autopista del Sol y se plantan el&nbsp;Palacio de Gobierno &nbsp;&nbsp;<\/strong><br \/>\nSin sobresaltos, integrantes de la Coordinadora Estatal de Trabajadores de la Educaci\u00f3n de Guerrero (CETEG) marcharon sobre los carriles norte-sur de la Autopista del Sol, despu\u00e9s se concentraron en la entrada principal del Palacio de Gobierno, en el marco del D\u00eda del Maestro.<br \/>\nDesde las 10:00 horas, los maestros comenzaron a concentrarse en las inmediaciones del monumento a Nicol\u00e1s Bravo, en la avenida de los Insurgentes para realizar una marcha que se anunci\u00f3 con anticipaci\u00f3n.<br \/>\nDesde ah\u00ed comenzaron un recorrido hacia el boulevard Vicente Guerrero, despu\u00e9s se colocaron sobre los carriles norte- sur de la carretera de cuota.<br \/>\nAvanzaron con direcci\u00f3n al Palacio de Gobierno, monitoreados de cerca por personal de la Polic\u00eda Federal (PF) y de la Polic\u00eda del Estado, sin que se generaran disturbios.<br \/>\nLos que marcharon, son parte del grupo que representa el profesor Arcangel Ram\u00edrez Perulero, quienes son respaldados por un contingente de la secci\u00f3n XVIII del Sindicato Unico de Servidores P\u00fablicos del Estado de Guerrero (SUSPEG).<br \/>\nLos mentores esperaban que su dirigencia tomara parte de una mesa de trabajo con la Secretar\u00eda de Educaci\u00f3n Guerrero (SEG), para desahogar asuntos pendientes de su pliego petitorio.<br \/>\n<strong>Una escala frente a la 35 Zona Militar<\/strong><br \/>\nA las 13:00 horas, los integrantes de la CETEG hicieron una parada frente a las instalaciones de la 35 Zona Militar, en cuyas paredes pegaron calcoman\u00edas con el rostro del secretario de Gobernaci\u00f3n, Miguel Angel Osorio Chong; del ex procurador general de la Rep\u00fablica, Jes\u00fas Murillo Karam y del ex titular de la Agencia de Investigaci\u00f3n Criminal de la PGR, Tom\u00e1s Zer\u00f3n de Lucio.<br \/>\nLos mentores tambi\u00e9n se pronunciaron a favor del esclarecimiento de la desaparici\u00f3n de los 43 estudiantes de la Normal Rural de Ayotzinapa, desaparecidos desde la noche del 26 de septiembre de 2014.<br \/>\nAntes de las 14:00 horas llegaron a la entrada principal del Palacio de Gobierno, que fue resguardada por elementos de la polic\u00eda antimotines. &nbsp;&nbsp;&nbsp;&nbsp;<br \/>\nAh\u00ed culmin\u00f3 la jornada, sin que se desatara una confrontaci\u00f3n con los cuerpos de seguridad.<\/p>\n","protected":false},"excerpt":{"rendered":"<p>Recorren la Autopista del Sol y se plantan el&nbsp;Palacio de Gobierno &nbsp;&nbsp; Sin sobresaltos, integrantes de la Coordinadora Estatal de Trabajadores de la Educaci\u00f3n de Guerrero (CETEG) marcharon sobre los&hellip; <\/p>\n","protected":false},"author":1,"featured_media":0,"comment_status":"open","ping_status":"open","sticky":false,"template":"","format":"standard","meta":{"fifu_image_url":"","fifu_image_alt":"","footnotes":""},"categories":[6,8],"tags":[],"class_list":["post-4314","post","type-post","status-publish","format-standard","hentry","category-educacion","category-featured"],"_links":{"self":[{"href":"https:\/\/www.interaccionnoticias.com.mx\/index.php?rest_route=\/wp\/v2\/posts\/4314","targetHints":{"allow":["GET"]}}],"collection":[{"href":"https:\/\/www.interaccionnoticias.com.mx\/index.php?rest_route=\/wp\/v2\/posts"}],"about":[{"href":"https:\/\/www.interaccionnoticias.com.mx\/index.php?rest_route=\/wp\/v2\/types\/post"}],"author":[{"embeddable":true,"href":"https:\/\/www.interaccionnoticias.com.mx\/index.php?rest_route=\/wp\/v2\/users\/1"}],"replies":[{"embeddable":true,"href":"https:\/\/www.interaccionnoticias.com.mx\/index.php?rest_route=%2Fwp%2Fv2%2Fcomments&post=4314"}],"version-history":[{"count":0,"href":"https:\/\/www.interaccionnoticias.com.mx\/index.php?rest_route=\/wp\/v2\/posts\/4314\/revisions"}],"wp:attachment":[{"href":"https:\/\/www.interaccionnoticias.com.mx\/index.php?rest_route=%2Fwp%2Fv2%2Fmedia&parent=4314"}],"wp:term":[{"taxonomy":"category","embeddable":true,"href":"https:\/\/www.interaccionnoticias.com.mx\/index.php?rest_route=%2Fwp%2Fv2%2Fcategories&post=4314"},{"taxonomy":"post_tag","embeddable":true,"href":"https:\/\/www.interaccionnoticias.com.mx\/index.php?rest_route=%2Fwp%2Fv2%2Ftags&post=4314"}],"curies":[{"name":"wp","href":"https:\/\/api.w.org\/{rel}","templated":true}]}}