{"id":42866,"date":"2022-03-18T17:30:26","date_gmt":"2022-03-18T23:30:26","guid":{"rendered":"https:\/\/interaccionnoticias.com.mx\/?p=42866"},"modified":"2022-03-18T17:30:31","modified_gmt":"2022-03-18T23:30:31","slug":"se-reunen-los-olvidados-de-ayotzinapa-con-nueva-titular-de-ceav","status":"publish","type":"post","link":"https:\/\/www.interaccionnoticias.com.mx\/?p=42866","title":{"rendered":"Se re\u00fanen los Olvidados de Ayotzinapa con nueva titular de CEAV"},"content":{"rendered":"\n<p><strong><em>&#8211; Piden atenci\u00f3n integral de parte del organismo<\/em><\/strong><\/p>\n\n\n\n<p><strong>Jes\u00fas Dorantes<\/strong><\/p>\n\n\n\n<p><strong>Chilpancingo , Gro .-<\/strong> Integrantes del colectivo Los Olvidados de Ayotzinapa y la activista Roberta Campos Adame tuvieron un primer acercamiento con la nueva titular de la Comisi\u00f3n Estatal de Atenci\u00f3n a V\u00edctimas (CEAV) Enedina Medrano Serrano, quien asegur\u00f3 estar calificada para ocupar el cargo.<\/p>\n\n\n\n<p>La jornada del viernes, un autob\u00fas de la empresa Costaline ingreso desde el municipio de Tixtla a la capital del estado, una vez en Chilpancingo tom\u00f3 direcci\u00f3n hacia el sur hasta las instalaciones de la CEAV, donde permaneci\u00f3 por m\u00e1s de dos horas mientras se llevaba acabo la reuni\u00f3n.<\/p>\n\n\n\n<p>En entrevista, Francisco Javier Echeverr\u00eda integrante de Los Olvidados de Ayotzinapa dio a conocer que se pretend\u00eda entregar una solicitud por escrito, pero al estar presente la titular de la CEAV se dio el primer acercamiento y no fue necesario realizar otro tipo de acciones, en comparaci\u00f3n con otras administraciones.<\/p>\n\n\n\n<p>La activista y los integrantes del colectivo firmaron un acuerdo con Enedina Medrano Serrano.<\/p>\n\n\n\n<p><br>En dicho documento, la titular de CEAV se comprometi\u00f3 a trabajar en favor de los familias de las v\u00edctimas,\u00f1 de todos los colectivos del estado.<\/p>\n\n\n\n<p>Roberta Campos Adame representante de las v\u00edctimas del Movimiento del 1960, inform\u00f3 que hizo la solicitud para que tambi\u00e9n sean contempladas las familias y los.sobreviviented dentro de los apoyos y programas de la CEAV.<\/p>\n\n\n\n<p>En respuesta, Medrano Serrano ofreci\u00f3 analizar dicha propuesta y al ser cuestionada si contaba con lo necesario para ocupar el cargo, destac\u00f3 que tiene el perfil que reclama la ley, por lo que neg\u00f3 ser una imposici\u00f3n del senador con licencia, F\u00e9lix Salgado Macedonio.<br><\/p>\n\n\n\n<figure class=\"wp-block-gallery columns-2 is-cropped wp-block-gallery-1 is-layout-flex wp-block-gallery-is-layout-flex\"><ul class=\"blocks-gallery-grid\"><li class=\"blocks-gallery-item\"><figure><img decoding=\"async\" src=\"data:image\/gif;base64,R0lGODlhAQABAIAAAAAAAP\/\/\/ywAAAAAAQABAAACAUwAOw==\" fifu-lazy=\"1\" fifu-data-sizes=\"auto\" fifu-data-srcset=\"https:\/\/i1.wp.com\/interaccionnoticias.com.mx\/wp-content\/uploads\/2022\/03\/220318-Olvidados-1-1024x683.jpg?ssl=1&w=75&resize=75&ssl=1 75w, https:\/\/i1.wp.com\/interaccionnoticias.com.mx\/wp-content\/uploads\/2022\/03\/220318-Olvidados-1-1024x683.jpg?ssl=1&w=100&resize=100&ssl=1 100w, https:\/\/i1.wp.com\/interaccionnoticias.com.mx\/wp-content\/uploads\/2022\/03\/220318-Olvidados-1-1024x683.jpg?ssl=1&w=150&resize=150&ssl=1 150w, https:\/\/i1.wp.com\/interaccionnoticias.com.mx\/wp-content\/uploads\/2022\/03\/220318-Olvidados-1-1024x683.jpg?ssl=1&w=240&resize=240&ssl=1 240w, https:\/\/i1.wp.com\/interaccionnoticias.com.mx\/wp-content\/uploads\/2022\/03\/220318-Olvidados-1-1024x683.jpg?ssl=1&w=320&resize=320&ssl=1 320w, https:\/\/i1.wp.com\/interaccionnoticias.com.mx\/wp-content\/uploads\/2022\/03\/220318-Olvidados-1-1024x683.jpg?ssl=1&w=500&resize=500&ssl=1 500w, https:\/\/i1.wp.com\/interaccionnoticias.com.mx\/wp-content\/uploads\/2022\/03\/220318-Olvidados-1-1024x683.jpg?ssl=1&w=640&resize=640&ssl=1 640w, https:\/\/i1.wp.com\/interaccionnoticias.com.mx\/wp-content\/uploads\/2022\/03\/220318-Olvidados-1-1024x683.jpg?ssl=1&w=800&resize=800&ssl=1 800w, https:\/\/i1.wp.com\/interaccionnoticias.com.mx\/wp-content\/uploads\/2022\/03\/220318-Olvidados-1-1024x683.jpg?ssl=1&w=1024&resize=1024&ssl=1 1024w, https:\/\/i1.wp.com\/interaccionnoticias.com.mx\/wp-content\/uploads\/2022\/03\/220318-Olvidados-1-1024x683.jpg?ssl=1&w=1280&resize=1280&ssl=1 1280w, https:\/\/i1.wp.com\/interaccionnoticias.com.mx\/wp-content\/uploads\/2022\/03\/220318-Olvidados-1-1024x683.jpg?ssl=1&w=1600&resize=1600&ssl=1 1600w\" fifu-data-src=\"https:\/\/i1.wp.com\/interaccionnoticias.com.mx\/wp-content\/uploads\/2022\/03\/220318-Olvidados-1-1024x683.jpg?ssl=1\" alt=\"\" data-id=\"42868\" data-full-url=\"https:\/\/interaccionnoticias.com.mx\/wp-content\/uploads\/2022\/03\/220318-Olvidados-1.jpg\" data-link=\"https:\/\/interaccionnoticias.com.mx\/?attachment_id=42868\" class=\"wp-image-42868\"\/><\/figure><\/li><li class=\"blocks-gallery-item\"><figure><img decoding=\"async\" src=\"data:image\/gif;base64,R0lGODlhAQABAIAAAAAAAP\/\/\/ywAAAAAAQABAAACAUwAOw==\" fifu-lazy=\"1\" fifu-data-sizes=\"auto\" fifu-data-srcset=\"https:\/\/i1.wp.com\/interaccionnoticias.com.mx\/wp-content\/uploads\/2022\/03\/220318-Olvidados-1024x683.jpg?ssl=1&w=75&resize=75&ssl=1 75w, https:\/\/i1.wp.com\/interaccionnoticias.com.mx\/wp-content\/uploads\/2022\/03\/220318-Olvidados-1024x683.jpg?ssl=1&w=100&resize=100&ssl=1 100w, https:\/\/i1.wp.com\/interaccionnoticias.com.mx\/wp-content\/uploads\/2022\/03\/220318-Olvidados-1024x683.jpg?ssl=1&w=150&resize=150&ssl=1 150w, https:\/\/i1.wp.com\/interaccionnoticias.com.mx\/wp-content\/uploads\/2022\/03\/220318-Olvidados-1024x683.jpg?ssl=1&w=240&resize=240&ssl=1 240w, https:\/\/i1.wp.com\/interaccionnoticias.com.mx\/wp-content\/uploads\/2022\/03\/220318-Olvidados-1024x683.jpg?ssl=1&w=320&resize=320&ssl=1 320w, https:\/\/i1.wp.com\/interaccionnoticias.com.mx\/wp-content\/uploads\/2022\/03\/220318-Olvidados-1024x683.jpg?ssl=1&w=500&resize=500&ssl=1 500w, https:\/\/i1.wp.com\/interaccionnoticias.com.mx\/wp-content\/uploads\/2022\/03\/220318-Olvidados-1024x683.jpg?ssl=1&w=640&resize=640&ssl=1 640w, https:\/\/i1.wp.com\/interaccionnoticias.com.mx\/wp-content\/uploads\/2022\/03\/220318-Olvidados-1024x683.jpg?ssl=1&w=800&resize=800&ssl=1 800w, https:\/\/i1.wp.com\/interaccionnoticias.com.mx\/wp-content\/uploads\/2022\/03\/220318-Olvidados-1024x683.jpg?ssl=1&w=1024&resize=1024&ssl=1 1024w, https:\/\/i1.wp.com\/interaccionnoticias.com.mx\/wp-content\/uploads\/2022\/03\/220318-Olvidados-1024x683.jpg?ssl=1&w=1280&resize=1280&ssl=1 1280w, https:\/\/i1.wp.com\/interaccionnoticias.com.mx\/wp-content\/uploads\/2022\/03\/220318-Olvidados-1024x683.jpg?ssl=1&w=1600&resize=1600&ssl=1 1600w\" fifu-data-src=\"https:\/\/i1.wp.com\/interaccionnoticias.com.mx\/wp-content\/uploads\/2022\/03\/220318-Olvidados-1024x683.jpg?ssl=1\" alt=\"\" data-id=\"42867\" data-full-url=\"https:\/\/interaccionnoticias.com.mx\/wp-content\/uploads\/2022\/03\/220318-Olvidados.jpg\" data-link=\"https:\/\/interaccionnoticias.com.mx\/?attachment_id=42867\" class=\"wp-image-42867\"\/><\/figure><\/li><\/ul><\/figure>\n","protected":false},"excerpt":{"rendered":"<p>&#8211; Piden atenci\u00f3n integral de parte del organismo Jes\u00fas Dorantes Chilpancingo , Gro .- Integrantes del colectivo Los Olvidados de Ayotzinapa y la activista Roberta Campos Adame tuvieron un primer&hellip; <\/p>\n","protected":false},"author":8,"featured_media":42868,"comment_status":"open","ping_status":"open","sticky":false,"template":"","format":"standard","meta":{"fifu_image_url":"","fifu_image_alt":"","footnotes":""},"categories":[15],"tags":[],"class_list":["post-42866","post","type-post","status-publish","format-standard","has-post-thumbnail","hentry","category-movimientos-sociales"],"_links":{"self":[{"href":"https:\/\/www.interaccionnoticias.com.mx\/index.php?rest_route=\/wp\/v2\/posts\/42866","targetHints":{"allow":["GET"]}}],"collection":[{"href":"https:\/\/www.interaccionnoticias.com.mx\/index.php?rest_route=\/wp\/v2\/posts"}],"about":[{"href":"https:\/\/www.interaccionnoticias.com.mx\/index.php?rest_route=\/wp\/v2\/types\/post"}],"author":[{"embeddable":true,"href":"https:\/\/www.interaccionnoticias.com.mx\/index.php?rest_route=\/wp\/v2\/users\/8"}],"replies":[{"embeddable":true,"href":"https:\/\/www.interaccionnoticias.com.mx\/index.php?rest_route=%2Fwp%2Fv2%2Fcomments&post=42866"}],"version-history":[{"count":1,"href":"https:\/\/www.interaccionnoticias.com.mx\/index.php?rest_route=\/wp\/v2\/posts\/42866\/revisions"}],"predecessor-version":[{"id":42869,"href":"https:\/\/www.interaccionnoticias.com.mx\/index.php?rest_route=\/wp\/v2\/posts\/42866\/revisions\/42869"}],"wp:featuredmedia":[{"embeddable":true,"href":"https:\/\/www.interaccionnoticias.com.mx\/index.php?rest_route=\/wp\/v2\/media\/42868"}],"wp:attachment":[{"href":"https:\/\/www.interaccionnoticias.com.mx\/index.php?rest_route=%2Fwp%2Fv2%2Fmedia&parent=42866"}],"wp:term":[{"taxonomy":"category","embeddable":true,"href":"https:\/\/www.interaccionnoticias.com.mx\/index.php?rest_route=%2Fwp%2Fv2%2Fcategories&post=42866"},{"taxonomy":"post_tag","embeddable":true,"href":"https:\/\/www.interaccionnoticias.com.mx\/index.php?rest_route=%2Fwp%2Fv2%2Ftags&post=42866"}],"curies":[{"name":"wp","href":"https:\/\/api.w.org\/{rel}","templated":true}]}}