{"id":42863,"date":"2022-03-18T16:06:14","date_gmt":"2022-03-18T22:06:14","guid":{"rendered":"https:\/\/interaccionnoticias.com.mx\/?p=42863"},"modified":"2022-03-18T16:06:19","modified_gmt":"2022-03-18T22:06:19","slug":"ceteg-no-bloqueara-la-autopista-del-sol-durante-el-fin-de-semana-largo","status":"publish","type":"post","link":"https:\/\/www.interaccionnoticias.com.mx\/?p=42863","title":{"rendered":"CETEG no bloquear\u00e1 la Autopista del Sol durante el fin de semana largo"},"content":{"rendered":"\n<p><strong><em>&#8211; Mientras se mantenga el dialogo con las autoridades estatales y federales, los maestros permanecer\u00e1n en su plant\u00f3n<\/em><\/strong><\/p>\n\n\n\n<p><strong>Rogelio Agust\u00edn<\/strong><\/p>\n\n\n\n<p>El magisterio disidente confirm\u00f3 que no realizar\u00e1 ning\u00fan bloqueo en la Autopista del Sol o en alguna de las v\u00edas de comunicaci\u00f3n que son importantes para la entidad mientras se mantenga el dialogo con las autoridades, tanto del estado como de la federaci\u00f3n, porque se est\u00e1 en el proceso de revisi\u00f3n de su pliego petitorio.<\/p>\n\n\n\n<p>H\u00e9ctor Torres Solano, secretario general de la Coordinadora Estatal de Trabajadores de la Educaci\u00f3n de Guerrero (CETEG), reconoci\u00f3 que durante la jornada del jueves 17 de marzo, en las reuniones que se desarrollaron en Chilpancingo y la Ciudad de M\u00e9xico se registr\u00f3 un avance importante en la discusi\u00f3n del pliego petitorio, lo que permiti\u00f3 que mejore sustancialmente la relaci\u00f3n con las autoridades.<\/p>\n\n\n\n<p>El dirigente magisterial dijo que el bloqueo del lunes 14 de marzo fue complicado, pues admite que fue mucho el tiempo que se pas\u00f3 en la carretera de cuatro carriles, pero enfatiz\u00f3 que \u201cno hubo de otra\u201d, por la falta de atenci\u00f3n que hab\u00eda respecto a sus reclamos.<\/p>\n\n\n\n<p>Torres Solano, destac\u00f3 que no es el mismo trato que se da al magisterio disidente que al denominado \u201ccharrismo\u201d sindical, por eso es que tras analizar la situaci\u00f3n, las bases optaron por tomar la ruta de la presi\u00f3n, aunque nunca se dej\u00f3 de buscar los canales de comunicaci\u00f3n con las autoridades.<\/p>\n\n\n\n<p>El hecho de que la gobernadora Evelyn Salgado Pineda acudiera al plant\u00f3n que la CETEG manten\u00eda en el edificio Juan N. Alvarez, la ma\u00f1ana del martes 15 de marzo, reconoci\u00f3 que ayud\u00f3 en mucho a contener la intensidad de las protestas, ya que incluso, ante la falta de atenci\u00f3n del lunes se hab\u00eda dise\u00f1ado un plan de acci\u00f3n que se pondr\u00eda en marcha durante toda la semana.<\/p>\n\n\n\n<p>De hecho, antes del levantar el bloqueo del lunes 14, la dirigencia de la CETEG advirti\u00f3 con trasladar las protestas hacia el puerto de Acapulco, lo que habr\u00eda perjudicado el flujo del turismo durante el denominado fin de semana largo, que comenz\u00f3 la jornada del viernes 18 de marzo.<\/p>\n\n\n\n<p>Una vez que se pact\u00f3 con la jefa del Poder Ejecutivo local la instalaci\u00f3n de la Mesa de Dialogo Permanente, los maestros optaron por bajar la intensidad de las movilizaciones, aunque no se desactivaron completamente y se mantiene el plant\u00f3n frente al Palacio de Gobierno.<\/p>\n\n\n\n<p>\u201cNo es justo que est\u00e9n las mesas de trabajo y que nosotros estemos presionando\u201d, anot\u00f3.<\/p>\n\n\n\n<p>Dijo que para la ma\u00f1ana del viernes, ya se tiene un proyecto que fue validado por el Gobierno de la Rep\u00fablica y que en t\u00e9rminos llanos, le regresa la fuerza que derivado de la reforma educativa, el sindicalismo magisterial hab\u00eda perdido.<\/p>\n\n\n\n<p>Ante la disposici\u00f3n al dialogo y la confirmaci\u00f3n de los primeros acuerdos, H\u00e9ctor Torres destac\u00f3 que los maestros deben mandar el mensaje a la sociedad de que tambi\u00e9n son flexibles, por lo que no se tiene programada ninguna actividad que implique la posibilidad de bloquear la Autopista del Sol ni cualquier otra v\u00eda de comunicaci\u00f3n importante para la ciudad.<\/p>\n\n\n\n<p>\u201cEl turismo puede venir con tranquilidad, el magisterio no se va a movilizar mientras el dialogo se mantenga y los acuerdos avancen\u201d, se\u00f1al\u00f3 el dirigente.<br><\/p>\n","protected":false},"excerpt":{"rendered":"<p>&#8211; Mientras se mantenga el dialogo con las autoridades estatales y federales, los maestros permanecer\u00e1n en su plant\u00f3n Rogelio Agust\u00edn El magisterio disidente confirm\u00f3 que no realizar\u00e1 ning\u00fan bloqueo en&hellip; <\/p>\n","protected":false},"author":21,"featured_media":42864,"comment_status":"open","ping_status":"open","sticky":false,"template":"","format":"standard","meta":{"fifu_image_url":"","fifu_image_alt":"","footnotes":""},"categories":[6],"tags":[],"class_list":["post-42863","post","type-post","status-publish","format-standard","has-post-thumbnail","hentry","category-educacion"],"_links":{"self":[{"href":"https:\/\/www.interaccionnoticias.com.mx\/index.php?rest_route=\/wp\/v2\/posts\/42863","targetHints":{"allow":["GET"]}}],"collection":[{"href":"https:\/\/www.interaccionnoticias.com.mx\/index.php?rest_route=\/wp\/v2\/posts"}],"about":[{"href":"https:\/\/www.interaccionnoticias.com.mx\/index.php?rest_route=\/wp\/v2\/types\/post"}],"author":[{"embeddable":true,"href":"https:\/\/www.interaccionnoticias.com.mx\/index.php?rest_route=\/wp\/v2\/users\/21"}],"replies":[{"embeddable":true,"href":"https:\/\/www.interaccionnoticias.com.mx\/index.php?rest_route=%2Fwp%2Fv2%2Fcomments&post=42863"}],"version-history":[{"count":1,"href":"https:\/\/www.interaccionnoticias.com.mx\/index.php?rest_route=\/wp\/v2\/posts\/42863\/revisions"}],"predecessor-version":[{"id":42865,"href":"https:\/\/www.interaccionnoticias.com.mx\/index.php?rest_route=\/wp\/v2\/posts\/42863\/revisions\/42865"}],"wp:featuredmedia":[{"embeddable":true,"href":"https:\/\/www.interaccionnoticias.com.mx\/index.php?rest_route=\/wp\/v2\/media\/42864"}],"wp:attachment":[{"href":"https:\/\/www.interaccionnoticias.com.mx\/index.php?rest_route=%2Fwp%2Fv2%2Fmedia&parent=42863"}],"wp:term":[{"taxonomy":"category","embeddable":true,"href":"https:\/\/www.interaccionnoticias.com.mx\/index.php?rest_route=%2Fwp%2Fv2%2Fcategories&post=42863"},{"taxonomy":"post_tag","embeddable":true,"href":"https:\/\/www.interaccionnoticias.com.mx\/index.php?rest_route=%2Fwp%2Fv2%2Ftags&post=42863"}],"curies":[{"name":"wp","href":"https:\/\/api.w.org\/{rel}","templated":true}]}}