{"id":4286,"date":"2017-05-14T20:30:02","date_gmt":"2017-05-15T01:30:02","guid":{"rendered":"http:\/\/www.inter-accion.com.mx\/?p=4286"},"modified":"2017-05-14T20:30:02","modified_gmt":"2017-05-15T01:30:02","slug":"peridiostas-exigen-garantias-en-el-desempeno-de-su-trabajo","status":"publish","type":"post","link":"https:\/\/www.interaccionnoticias.com.mx\/?p=4286","title":{"rendered":"Periodistas exigen garant\u00edas en el desempe\u00f1o de su trabajo"},"content":{"rendered":"<p>Tras la retenci\u00f3n de siete a manos de delincuentes en Acapetlahuaya SNI Periodistas de diferentes medios solicitaron a los tres niveles de gobierno garant\u00edas para el ejercicio de su trabajo informativo, dada la crispaci\u00f3n social que se vive en Guerrero.<br \/>\nEn una concentraci\u00f3n realizada en la plaza central Primer Congreso de An\u00e1huac, los integrantes del gremio period\u00edstico denunciaron los excesos cometidos en contra de siete reporteros que la tarde del 13 de mayo fueron interceptados en las inmediaciones de Acapetlahuaya, cuando regresaban de cubrir los desmanes generados en Tierra Caliente por sicarios de La Familia Michoacana (FM) y \u201cLos Tequileros\u201d. En un mensaje dirigido a los tres niveles de gobierno, organismos de derechos humanos y la sociedad en general, los reporteros de la capital de Guerrero se\u00f1alan que la tarde del 13 de mayo, Sergio Ocampo Arista, Alejandro Ortiz, Jorge Mart\u00ednez, \u00c1ngel Misael Galeana, Jair Cabrera, Hans Musielik y Pablo P\u00e9rez Garc\u00eda, acudieron a la Tierra Caliente para realizar una cobertura informativa.<br \/>\nDe acuerdo con el relato de los afectados, un kil\u00f3metro antes del ret\u00e9n militar y policial que se encuentra en el crucero a Acapetlahuaya fueron detenidos por un centenar de hombres armados, \u201cquienes con total impunidad los despojaron de una camioneta, tel\u00e9fonos celulares, c\u00e1maras fotogr\u00e1ficas, c\u00e1maras de video, computadoras, dinero en efectivo e identificaciones oficiales y de prensa\u201d. El documento emitido por los comunicadores destaca: \u201cAl concluir el despojo de sus pertenencias esas personas armadas les obligaron a los compa\u00f1eros a subirse a una de las dos camionetas en las que viajaban y que si se quedaban otro rato los iban a quemar con todo y la unidad, adem\u00e1s les advirtieron a los compa\u00f1eros que si denunciaban los hechos en el ret\u00e9n militar y policial iban a ser asesinados, porque ten\u00edan un halc\u00f3n que iba a vigilar sus movimientos\u201d. Ante esos hechos que atentan contra la libertad de expresi\u00f3n y que pusieron en riesgo la integridad f\u00edsica de los siete reporteros, el comunicado dado a conocer en la plaza central de Chilpancingo refiere que la ausencia de garant\u00edas para el desarrollo del trabajo period\u00edstico es evidente.<br \/>\n\u201cLos reporteros de Guerrero y del pa\u00eds expresamos nuestra condena y rechazo a esos hechos lamentables. Subrayamos que esos grupos criminales se mueven con total impunidad y nos parece extra\u00f1o que hayan actuado con total anarqu\u00eda en medio de dos retenes del ej\u00e9rcito mexicano, lo que confirma la convivencia entre las fuerzas del orden y esos grupos del crimen organizado\u201d. Tambi\u00e9n denunciaron que ante lo grave de los hechos, las autoridades federales y estatales no actuaron siguiendo un protocolo de b\u00fasqueda, localizaci\u00f3n y protecci\u00f3n, por el contrario, generaron falsos rumores al informar que los agraviados estaban en camino resguardados, lo que no fue cierto, ya que el traslado lo realizaron por su cuenta y llegaron solos a Chilpancingo. Recordaron el asesinato de Francisco Pacheco Beltr\u00e1n en abril de 2016 y en marzo de este a\u00f1o el de Cecilio Pineda Birto, en Ciudad Altamirano, \u201cen ambos casos las autoridades se comprometieron a resolver los cr\u00edmenes y castigar a los responsables, lo cual no se ha cumplido\u201d.<br \/>\nEn ese contexto, refieren que \u201ccrimen que no se castiga alienta a seguir haci\u00e9ndolo porque no hay justicia y se pueden actuar con total impunidad\u201d. Por eso plantearon un llamado a los periodistas y a la sociedad de todo el pa\u00eds para que est\u00e9n atentos al que sucede en Guerrero, para no permitir una agresi\u00f3n m\u00e1s a la libertad de expresi\u00f3n y el derecho a tener una sociedad informada.<\/p>\n","protected":false},"excerpt":{"rendered":"<p>Tras la retenci\u00f3n de siete a manos de delincuentes en Acapetlahuaya SNI Periodistas de diferentes medios solicitaron a los tres niveles de gobierno garant\u00edas para el ejercicio de su trabajo&hellip; <\/p>\n","protected":false},"author":1,"featured_media":0,"comment_status":"open","ping_status":"open","sticky":false,"template":"","format":"standard","meta":{"fifu_image_url":"","fifu_image_alt":"","footnotes":""},"categories":[8,15],"tags":[],"class_list":["post-4286","post","type-post","status-publish","format-standard","hentry","category-featured","category-movimientos-sociales"],"_links":{"self":[{"href":"https:\/\/www.interaccionnoticias.com.mx\/index.php?rest_route=\/wp\/v2\/posts\/4286","targetHints":{"allow":["GET"]}}],"collection":[{"href":"https:\/\/www.interaccionnoticias.com.mx\/index.php?rest_route=\/wp\/v2\/posts"}],"about":[{"href":"https:\/\/www.interaccionnoticias.com.mx\/index.php?rest_route=\/wp\/v2\/types\/post"}],"author":[{"embeddable":true,"href":"https:\/\/www.interaccionnoticias.com.mx\/index.php?rest_route=\/wp\/v2\/users\/1"}],"replies":[{"embeddable":true,"href":"https:\/\/www.interaccionnoticias.com.mx\/index.php?rest_route=%2Fwp%2Fv2%2Fcomments&post=4286"}],"version-history":[{"count":0,"href":"https:\/\/www.interaccionnoticias.com.mx\/index.php?rest_route=\/wp\/v2\/posts\/4286\/revisions"}],"wp:attachment":[{"href":"https:\/\/www.interaccionnoticias.com.mx\/index.php?rest_route=%2Fwp%2Fv2%2Fmedia&parent=4286"}],"wp:term":[{"taxonomy":"category","embeddable":true,"href":"https:\/\/www.interaccionnoticias.com.mx\/index.php?rest_route=%2Fwp%2Fv2%2Fcategories&post=4286"},{"taxonomy":"post_tag","embeddable":true,"href":"https:\/\/www.interaccionnoticias.com.mx\/index.php?rest_route=%2Fwp%2Fv2%2Ftags&post=4286"}],"curies":[{"name":"wp","href":"https:\/\/api.w.org\/{rel}","templated":true}]}}