{"id":42838,"date":"2022-03-17T20:57:29","date_gmt":"2022-03-18T02:57:29","guid":{"rendered":"https:\/\/interaccionnoticias.com.mx\/?p=42838"},"modified":"2022-03-17T20:57:33","modified_gmt":"2022-03-18T02:57:33","slug":"autoridad-ofrece-disculpa-publica-en-ahuacuotzingo-lo-que-fortalece-el-respeto-a-los-derechos-humanos-cdheg","status":"publish","type":"post","link":"https:\/\/www.interaccionnoticias.com.mx\/?p=42838","title":{"rendered":"AUTORIDAD OFRECE DISCULPA P\u00daBLICA EN AHUACUOTZINGO, LO QUE FORTALECE EL RESPETO A LOS DERECHOS HUMANOS: CDHEG"},"content":{"rendered":"\n<p><strong>Ahuacuotzingo, Guerrero, a 17 de marzo de 2022.-<\/strong> Como resultado de un acuerdo conciliatorio en esta Comisi\u00f3n de los Derechos Humanos del Estado de Guerrero (CDHEG), el d\u00eda de hoy se llev\u00f3 a cabo la disculpa p\u00fablica a favor de una docente de la escuela secundaria t\u00e9cnica No. 53 \u201cJuan N. \u00c1lvarez\u201d, de parte del Director de Gobernaci\u00f3n Municipal de Ahuacuotzingo.<\/p>\n\n\n\n<p>El Segundo Visitador General, Fernando Esteban Ram\u00edrez, acompa\u00f1ado de la Visitadora Adjunta, Patricia Charco Corona, estuvieron presentes en representaci\u00f3n de la CDHEG, con el fin de verificar el cumplimiento de este ejercicio pacificador que permite fomentar el respeto a los derechos humanos de todas y todos.<\/p>\n\n\n\n<p>Dentro del desarrollo de la actividad, el personal de la CDHEG brind\u00f3 la pl\u00e1tica \u00abDerecho de las Mujeres, Ni\u00f1as y Adolescentes a una Vida Libre de Violencia\u00bb, donde participaron 71 servidoras y servidores p\u00fablicos del citado ayuntamiento,<\/p>\n\n\n\n<p>As\u00ed tambi\u00e9n se ofrecieron dos pl\u00e1ticas a estudiantes en el tema de \u00abDerechos de Ni\u00f1as, Ni\u00f1os y Adolescentes y prevenci\u00f3n de la violencia\u00bb, donde se cont\u00f3 con la asistencia de 227 personas.<\/p>\n","protected":false},"excerpt":{"rendered":"<p>Ahuacuotzingo, Guerrero, a 17 de marzo de 2022.- Como resultado de un acuerdo conciliatorio en esta Comisi\u00f3n de los Derechos Humanos del Estado de Guerrero (CDHEG), el d\u00eda de hoy&hellip; <\/p>\n","protected":false},"author":19,"featured_media":42834,"comment_status":"open","ping_status":"open","sticky":false,"template":"","format":"standard","meta":{"fifu_image_url":"","fifu_image_alt":"","footnotes":""},"categories":[29],"tags":[],"class_list":["post-42838","post","type-post","status-publish","format-standard","has-post-thumbnail","hentry","category-sociedad"],"_links":{"self":[{"href":"https:\/\/www.interaccionnoticias.com.mx\/index.php?rest_route=\/wp\/v2\/posts\/42838","targetHints":{"allow":["GET"]}}],"collection":[{"href":"https:\/\/www.interaccionnoticias.com.mx\/index.php?rest_route=\/wp\/v2\/posts"}],"about":[{"href":"https:\/\/www.interaccionnoticias.com.mx\/index.php?rest_route=\/wp\/v2\/types\/post"}],"author":[{"embeddable":true,"href":"https:\/\/www.interaccionnoticias.com.mx\/index.php?rest_route=\/wp\/v2\/users\/19"}],"replies":[{"embeddable":true,"href":"https:\/\/www.interaccionnoticias.com.mx\/index.php?rest_route=%2Fwp%2Fv2%2Fcomments&post=42838"}],"version-history":[{"count":1,"href":"https:\/\/www.interaccionnoticias.com.mx\/index.php?rest_route=\/wp\/v2\/posts\/42838\/revisions"}],"predecessor-version":[{"id":42839,"href":"https:\/\/www.interaccionnoticias.com.mx\/index.php?rest_route=\/wp\/v2\/posts\/42838\/revisions\/42839"}],"wp:featuredmedia":[{"embeddable":true,"href":"https:\/\/www.interaccionnoticias.com.mx\/index.php?rest_route=\/wp\/v2\/media\/42834"}],"wp:attachment":[{"href":"https:\/\/www.interaccionnoticias.com.mx\/index.php?rest_route=%2Fwp%2Fv2%2Fmedia&parent=42838"}],"wp:term":[{"taxonomy":"category","embeddable":true,"href":"https:\/\/www.interaccionnoticias.com.mx\/index.php?rest_route=%2Fwp%2Fv2%2Fcategories&post=42838"},{"taxonomy":"post_tag","embeddable":true,"href":"https:\/\/www.interaccionnoticias.com.mx\/index.php?rest_route=%2Fwp%2Fv2%2Ftags&post=42838"}],"curies":[{"name":"wp","href":"https:\/\/api.w.org\/{rel}","templated":true}]}}