{"id":42816,"date":"2022-03-17T19:21:15","date_gmt":"2022-03-18T01:21:15","guid":{"rendered":"https:\/\/interaccionnoticias.com.mx\/?p=42816"},"modified":"2022-03-17T19:21:19","modified_gmt":"2022-03-18T01:21:19","slug":"en-21-dias-el-congreso-consultara-a-casi-un-millon-de-personas-en-4-mil-600-comunidades","status":"publish","type":"post","link":"https:\/\/www.interaccionnoticias.com.mx\/?p=42816","title":{"rendered":"En 21 d\u00edas, el Congreso consultar\u00e1 a casi un mill\u00f3n de personas en 4 mil 600 comunidades"},"content":{"rendered":"\n<p><strong><em>&#8211; Contrareloj, los diputados esperan cumplir con la sentencia emitida por la Suprema Corte de Justicia de la Naci\u00f3n (SCJN) en materia de derechos y cultura indigena y pueblos afromexicanos<br>&#8211; Hay mil 600 personas desplegadas por el Poder Legislativo, cada uno de los diputados locales atiende sus municipios y distritos<br>&#8211; La primera etapa vence el domingo 20 de marzo, esperan entregar los resultados a la Corte el 8 de abril<br>&#8211; El tema central es el reconocimiento constitucional a las polic\u00edas comunitarias<\/em><\/strong><\/p>\n\n\n\n<p><strong>Rogelio Agust\u00edn<\/strong><\/p>\n\n\n\n<p>En 21 d\u00edas, el Congreso de Guerrero espera cumplir la sentencia de la Suprema Corte de Justicia de la Naci\u00f3n (SCJN) emitida el 14 de abril de 2021, que implica realizar una consulta previa, libre, informada, culturalmente adecuada y de buena fe, que involucra a casi un mill\u00f3n de ciudadanos que habitan en 4 mil 600 comunidades de 59 municipios, los cuales pertenecen a por lo menos cuatro variantes de pueblos ind\u00edgenas y afromexicanos.<\/p>\n\n\n\n<p>La jornada del jueves 17 de marzo, la Junta de Coordinaci\u00f3n Politica (Jucopo) y la Mesa Directiva del Congreso de Guerrero, dieron a conocer que en estos momentos, se tiene un despliegue de por lo menos mil 600 personas en los 59 municipios, donde habita poblaci\u00f3n mayoritariamente ind\u00edgena.<\/p>\n\n\n\n<p>Esas mil 600 personas distribuyen las invitaciones para que los ciudadanos que pertenecen a los pueblos mixtecos, tlapanecos, nahuas, amusgos y afremexicanos, participen en la etapa de preconsulta que fenecer\u00e1 el pr\u00f3ximo domingo 20 de marzo.<\/p>\n\n\n\n<p>La distribuci\u00f3n de las invitaciones comenz\u00f3 desde el martes 15, con la consigna de cubrir en un t\u00e9rmino de cinco d\u00edas las 4 mil 600 comunidades detectadas en 59 municipios con poblaci\u00f3n ind\u00edgena o afromexicana.<\/p>\n\n\n\n<p>Aunque admiten que solo restan 21 d\u00edas, los representantes populares sostienen que hay las condiciones para cumplir con el mandato derivado de la acci\u00f3n de inconstitucionalidad 81\/2018, promovida por la Comisi\u00f3n Nacional de Derechos Humanos (CNDH) a petici\u00f3n de la Coordinadora Regional de Autoridades Comunitarias (CRAC).<\/p>\n\n\n\n<p>En la conferencia de prensa desarrollada este 17 de marzo, particip\u00f3 el presidente de la Jucopo, Alfredo S\u00e1nchez Esquivel; la presidenta de la Mesa Directiva, Flor A\u00f1orve Ocampo, el coordinador de la fracci\u00f3n parlamentaria del PRI, H\u00e9ctor Apreza Patr\u00f3n y el coordinador de la bancada del PRD, Raymundo Garc\u00eda Guti\u00e9rrez.<\/p>\n\n\n\n<p>Ellos manifestaron que lo que est\u00e1 en proceso, es el primer acercamiento con las localidades para distribuir la invitaci\u00f3n, por lo que ser\u00e1n los habitantes los que decidan el momento y lugar en que desahigar\u00e1n la consulta.<\/p>\n\n\n\n<p>Los representantes del Congreso, manifestaron que los pueblos a trav\u00e9s de sus comisarios y asambleas, ser\u00e1n los que definan si participan o no en la consulta, pues al final de cuentas se trata de un tema en el que tienen la completa libertad de decidir.<\/p>\n\n\n\n<p>De acuerdo con datos del Inegi, que fueron retomados por los diputados locales de Morena, PRI y PRD, en Guerrero hay 691 mil 700 ind\u00edgenas y 303 mil 900 ciudadanos afrodescendientes.<\/p>\n\n\n\n<p>Reconocieron que la tarea no es f\u00e1cil por la dispersi\u00f3n que hay en las comunidades, la variedad de lenguas y la necesidad de contar con int\u00e9rpretes para facilitar los trabajos.<\/p>\n\n\n\n<p>La presidenta de la Mesa Directiva, Flor A\u00f1orve Ocampo, destac\u00f3 que si las cosas avanzan como se tiene programado, con base al protocolo aprobado en febrero pasado, entonces el 8 de abril se estar\u00eda entregando a la SCJN los resultados de la consulta realizada en los pueblos de referencia.<\/p>\n\n\n\n<p>A pregunta expresa, el coordinador de Morena, Alfredo S\u00e1nchez se\u00f1al\u00f3 que frente al plazo de solo 21 d\u00edas que se tiene en frente, se debe tomar en cuenta que el proceso de consulta tiene varios meses de preparaci\u00f3n.<\/p>\n\n\n\n<p>De cualquier manera, refiri\u00f3 que antes de iniciar el despliegue del personal, este recibi\u00f3 la capacitaci\u00f3n correspondiente para realizar adecuadamente las actividades.<\/p>\n\n\n\n<p>El coordinador del PRI, destac\u00f3 que se vive un momento importante en el estado, pues en adelante, ninguna reforma que impacte en lo colectivo deber\u00e1 aprobarse sin ir a la consulta con los pueblos y sectores afectados, pues se corre el riesgo de que haya nuevas acciones de inconstitucionalidad.<\/p>\n\n\n\n<p><strong>No hay riesgo de boicot<\/strong><\/p>\n\n\n\n<p>Ante las posturas cr\u00edticas que han planteado organizaciones como la Coordinadora Regional de Autoridades Comunitarias (CRAC) o la Uni\u00f3n de Pueblos y Organizaciones del Estado de Guerrero (UPOEG), que tienen presencia en municipios de la Monta\u00f1a y Costa Chica, el presidente de la Jucopo, Alfredo S\u00e1nchez destac\u00f3 que en los hechos, las organizaciones han sido receptivas.<\/p>\n\n\n\n<p>Tanto la CRAC como la UPOEG han dicho que el Congreso ya no est\u00e1 en tiempo para desahogar la consulta bajo los supuestos que establece la SCJN, sin embargo, los diputados refieren que quienes van a tener la \u00f9ltima palabra son los comisarios y las asambleas de los pueblos.<\/p>\n\n\n\n<p>Si alg\u00fan integrante de la Coordinadora o la Uni\u00f3n de Pueblos resulta elegido representante de alguna comunidad, entonces podr\u00e1 participar como ente activo, de lo contrario, se tendr\u00e1 que sumar a lo que disponga la mayor\u00eda.<\/p>\n\n\n\n<p>A pregunta expresa, el presidente de la Jucopo desestim\u00f3 la posibilidad de que alguna organizaci\u00f3n se encuentre en condiciones de ejercer alg\u00fan boicot al proceso de consulta, pues al final de cuentas, se trata de un proceso en el que prevalece la buena fe.<\/p>\n\n\n\n<p>H\u00e9ctor Apreza Patr\u00f3n record\u00f3 que se trata de un trabajo colegiado, no de un partido en particular, por lo que se necesita cerrar filas para cumplir con la sentencia del m\u00e1ximo \u00f3rgano jurisdiccional del pa\u00eds.<\/p>\n\n\n\n<p>El tema que interesa a los poderes p\u00fablicos y las comunidades ind\u00edgenas y afromexicanas, es lo relacionado con la existencia de las polic\u00edas comunitarias, por lo que afecta a las leyes 701 y 777, en materia de Derechos y Cultura Ind\u00edgenas, pueblos Afromexicanos y Seguridad P\u00fablica.<\/p>\n\n\n\n<p>Sin embargo, el tema que se encuentra en desahogo, impacta tambi\u00e9n en la legislaci\u00f3n electoral y la del \u00e1mbito educativo.<\/p>\n","protected":false},"excerpt":{"rendered":"<p>&#8211; Contrareloj, los diputados esperan cumplir con la sentencia emitida por la Suprema Corte de Justicia de la Naci\u00f3n (SCJN) en materia de derechos y cultura indigena y pueblos afromexicanos&#8211;&hellip; <\/p>\n","protected":false},"author":21,"featured_media":42801,"comment_status":"open","ping_status":"open","sticky":false,"template":"","format":"standard","meta":{"fifu_image_url":"","fifu_image_alt":"","footnotes":""},"categories":[2],"tags":[],"class_list":["post-42816","post","type-post","status-publish","format-standard","has-post-thumbnail","hentry","category-congreso"],"_links":{"self":[{"href":"https:\/\/www.interaccionnoticias.com.mx\/index.php?rest_route=\/wp\/v2\/posts\/42816","targetHints":{"allow":["GET"]}}],"collection":[{"href":"https:\/\/www.interaccionnoticias.com.mx\/index.php?rest_route=\/wp\/v2\/posts"}],"about":[{"href":"https:\/\/www.interaccionnoticias.com.mx\/index.php?rest_route=\/wp\/v2\/types\/post"}],"author":[{"embeddable":true,"href":"https:\/\/www.interaccionnoticias.com.mx\/index.php?rest_route=\/wp\/v2\/users\/21"}],"replies":[{"embeddable":true,"href":"https:\/\/www.interaccionnoticias.com.mx\/index.php?rest_route=%2Fwp%2Fv2%2Fcomments&post=42816"}],"version-history":[{"count":1,"href":"https:\/\/www.interaccionnoticias.com.mx\/index.php?rest_route=\/wp\/v2\/posts\/42816\/revisions"}],"predecessor-version":[{"id":42817,"href":"https:\/\/www.interaccionnoticias.com.mx\/index.php?rest_route=\/wp\/v2\/posts\/42816\/revisions\/42817"}],"wp:featuredmedia":[{"embeddable":true,"href":"https:\/\/www.interaccionnoticias.com.mx\/index.php?rest_route=\/wp\/v2\/media\/42801"}],"wp:attachment":[{"href":"https:\/\/www.interaccionnoticias.com.mx\/index.php?rest_route=%2Fwp%2Fv2%2Fmedia&parent=42816"}],"wp:term":[{"taxonomy":"category","embeddable":true,"href":"https:\/\/www.interaccionnoticias.com.mx\/index.php?rest_route=%2Fwp%2Fv2%2Fcategories&post=42816"},{"taxonomy":"post_tag","embeddable":true,"href":"https:\/\/www.interaccionnoticias.com.mx\/index.php?rest_route=%2Fwp%2Fv2%2Ftags&post=42816"}],"curies":[{"name":"wp","href":"https:\/\/api.w.org\/{rel}","templated":true}]}}