{"id":4279,"date":"2017-05-14T13:45:47","date_gmt":"2017-05-14T18:45:47","guid":{"rendered":"http:\/\/www.inter-accion.com.mx\/?p=4279"},"modified":"2017-05-14T13:45:47","modified_gmt":"2017-05-14T18:45:47","slug":"ni-upoeg-ni-fusdeg-estan-amparados-por-la-ley-701","status":"publish","type":"post","link":"https:\/\/www.interaccionnoticias.com.mx\/?p=4279","title":{"rendered":"Ni UPOEG ni FUSDEG est\u00e1n amparados por la ley 701"},"content":{"rendered":"<p><strong>Investigan los asesinatos cometidos la ma\u00f1ana del s\u00e1bado en El Ocotito y Tierra Colorada &nbsp;<\/strong><br \/>\n&nbsp;<br \/>\nEl gobierno estatal sostuvo que ninguno de los grupos de autodefensa que se disputan el control de corredor que va de Chilpancingo hacia el puerto de Acapulco est\u00e1 amparado por la Ley 701, por lo que podr\u00edan proceder en contra de sus integrantes, que la ma\u00f1ana del s\u00e1bado sostuvieron un enfrentamiento que dej\u00f3 el saldo de tres muertos y dos heridos.<br \/>\nEl vocero del Grupo de Coordinaci\u00f3n Guerrero (GCG), Roberto Alvarez Heredia confirm\u00f3 que la Fiscal\u00eda General del Estado (FGE) ya investiga los hechos de la ma\u00f1ana del 13 de mayo, en los que fueron asesinados tres hombres; un agente de la Polic\u00eda Investigadora Ministerial (PIM), un integrante de la autodefensa de la Uni\u00f3n de Pueblos del Estado de Guerrero (UPOEG) y un joven de 21 a\u00f1os, estudiante de la Universidad Aut\u00f3noma de Guerrero (UAGro).<br \/>\nEl primer hecho en que murieron el estudiante de la UAGro y el integrante de la UPOEG se suscit\u00f3 en la base que hasta noviembre de 2016 ocupara el Frente Unido por la Seguridad y el Desarrollo Social del Estado de Guerrero (FUSDEG), en la comunidad de Mohoneras.<br \/>\nEl ataque en que muri\u00f3 un agente de la PIM y fue herido un oficial de la misma corporaci\u00f3n se suscit\u00f3 en &nbsp;la entrada de Tierra Colorada, municipio de Juan R. Escudero.<br \/>\n\u201cLes disparamos porque sus camionetas no ten\u00edan ninguna insignia, vest\u00edan de negro y estaban encapuchados; igual que la gente que nos ha esta estado atacando en los \u00faltimos d\u00edas\u201d, asegur\u00f3 un mando del FUSDEG.<br \/>\nEl GCG inform\u00f3 este domingo que la FGE, la Polic\u00eda Federal (PF), personal de la Secretar\u00eda de la Defensa Nacional (SEDENA) y la Secretar\u00eda General de Gobierno le dieron seguimiento a los ocurridos en esa ruta, para evitar que se generaran m\u00e1s confrontaciones.<br \/>\nEl vocero Alvarez Heredia indic\u00f3 que \u201cninguno de los dos grupos est\u00e1 considerado dentro de la Ley 701 de Cultura, Derechos y Reconocimiento de los Pueblos Ind\u00edgenas del Estado, por lo que se proceder\u00e1 contra quienes resulten responsables.<\/p>\n","protected":false},"excerpt":{"rendered":"<p>Investigan los asesinatos cometidos la ma\u00f1ana del s\u00e1bado en El Ocotito y Tierra Colorada &nbsp; &nbsp; El gobierno estatal sostuvo que ninguno de los grupos de autodefensa que se disputan&hellip; <\/p>\n","protected":false},"author":1,"featured_media":0,"comment_status":"open","ping_status":"open","sticky":false,"template":"","format":"standard","meta":{"fifu_image_url":"","fifu_image_alt":"","footnotes":""},"categories":[8,15],"tags":[],"class_list":["post-4279","post","type-post","status-publish","format-standard","hentry","category-featured","category-movimientos-sociales"],"_links":{"self":[{"href":"https:\/\/www.interaccionnoticias.com.mx\/index.php?rest_route=\/wp\/v2\/posts\/4279","targetHints":{"allow":["GET"]}}],"collection":[{"href":"https:\/\/www.interaccionnoticias.com.mx\/index.php?rest_route=\/wp\/v2\/posts"}],"about":[{"href":"https:\/\/www.interaccionnoticias.com.mx\/index.php?rest_route=\/wp\/v2\/types\/post"}],"author":[{"embeddable":true,"href":"https:\/\/www.interaccionnoticias.com.mx\/index.php?rest_route=\/wp\/v2\/users\/1"}],"replies":[{"embeddable":true,"href":"https:\/\/www.interaccionnoticias.com.mx\/index.php?rest_route=%2Fwp%2Fv2%2Fcomments&post=4279"}],"version-history":[{"count":0,"href":"https:\/\/www.interaccionnoticias.com.mx\/index.php?rest_route=\/wp\/v2\/posts\/4279\/revisions"}],"wp:attachment":[{"href":"https:\/\/www.interaccionnoticias.com.mx\/index.php?rest_route=%2Fwp%2Fv2%2Fmedia&parent=4279"}],"wp:term":[{"taxonomy":"category","embeddable":true,"href":"https:\/\/www.interaccionnoticias.com.mx\/index.php?rest_route=%2Fwp%2Fv2%2Fcategories&post=4279"},{"taxonomy":"post_tag","embeddable":true,"href":"https:\/\/www.interaccionnoticias.com.mx\/index.php?rest_route=%2Fwp%2Fv2%2Ftags&post=4279"}],"curies":[{"name":"wp","href":"https:\/\/api.w.org\/{rel}","templated":true}]}}