{"id":42718,"date":"2022-03-15T20:01:18","date_gmt":"2022-03-16T02:01:18","guid":{"rendered":"https:\/\/interaccionnoticias.com.mx\/?p=42718"},"modified":"2022-03-15T20:01:23","modified_gmt":"2022-03-16T02:01:23","slug":"cdheg-comparece-ante-el-h-congreso-del-estado-para-avanzar-en-el-cumplimiento-de-recomendaciones","status":"publish","type":"post","link":"https:\/\/www.interaccionnoticias.com.mx\/?p=42718","title":{"rendered":"\u201cCDHEG COMPARECE ANTE EL H. CONGRESO DEL ESTADO PARA AVANZAR EN EL CUMPLIMIENTO DE RECOMENDACIONES\u201d."},"content":{"rendered":"\n<p><strong><em>#DerechosHumanosGuerrero<\/em><\/strong><\/p>\n\n\n\n<p><strong>Chilpancingo, Guerrero., a 10 de marzo de 2022.-<\/strong> Con motivo de las vistas que est\u00e1 Comisi\u00f3n de los Derechos Humanos del Estado, ha dado al Congreso del Estado con la finalidad de procurar el cumplimiento de las Recomendaciones que ha emitido, el d\u00eda de hoy la Secretaria Ejecutiva M\u00f3nica Castro Contreras, compareci\u00f3 en la 4ta sesi\u00f3n ordinaria de la Comisi\u00f3n de Derechos Humanos del H. Congreso del Estado, para verificar la admisibilidad de la comparecencia de los presidentes municipales de Teloloapan y de Acapulco de Ju\u00e1rez, ante el incumplimiento a las recomendaciones 035\/2019 y 039\/2021, emitidas por incumplimiento de laudos laborales.<\/p>\n\n\n\n<p>La Sesi\u00f3n estuvo encabezada por las y los legisladores Leticia Mosso Hern\u00e1ndez, Osbaldo R\u00edos Manrique, Patricia Doroteo Calder\u00f3n, Ricardo Astudillo Calvo y Esteban Albarr\u00e1n Mendoza.<\/p>\n\n\n\n<p>Respecto a la comparecencia de los presidentes municipales ante el poder legislativo, esta CDHEG dar\u00e1 continuidad al total cumplimiento de las recomendaciones aludidas, a fin de procurar los derechos humanos de los quejosos.<\/p>\n\n\n\n<p>Esta CDHEG que preside Cecilia Narciso Gayt\u00e1n, celebra que a trav\u00e9s de estas reuniones de coordinaci\u00f3n, se avance en el cumplimiento de las resoluciones y se busque el respeto irrestricto a los Derechos Humanos de la sociedad guerrerense.<\/p>\n","protected":false},"excerpt":{"rendered":"<p>#DerechosHumanosGuerrero Chilpancingo, Guerrero., a 10 de marzo de 2022.- Con motivo de las vistas que est\u00e1 Comisi\u00f3n de los Derechos Humanos del Estado, ha dado al Congreso del Estado con&hellip; <\/p>\n","protected":false},"author":19,"featured_media":42719,"comment_status":"open","ping_status":"open","sticky":false,"template":"","format":"standard","meta":{"fifu_image_url":"","fifu_image_alt":"","footnotes":""},"categories":[29],"tags":[],"class_list":["post-42718","post","type-post","status-publish","format-standard","has-post-thumbnail","hentry","category-sociedad"],"_links":{"self":[{"href":"https:\/\/www.interaccionnoticias.com.mx\/index.php?rest_route=\/wp\/v2\/posts\/42718","targetHints":{"allow":["GET"]}}],"collection":[{"href":"https:\/\/www.interaccionnoticias.com.mx\/index.php?rest_route=\/wp\/v2\/posts"}],"about":[{"href":"https:\/\/www.interaccionnoticias.com.mx\/index.php?rest_route=\/wp\/v2\/types\/post"}],"author":[{"embeddable":true,"href":"https:\/\/www.interaccionnoticias.com.mx\/index.php?rest_route=\/wp\/v2\/users\/19"}],"replies":[{"embeddable":true,"href":"https:\/\/www.interaccionnoticias.com.mx\/index.php?rest_route=%2Fwp%2Fv2%2Fcomments&post=42718"}],"version-history":[{"count":1,"href":"https:\/\/www.interaccionnoticias.com.mx\/index.php?rest_route=\/wp\/v2\/posts\/42718\/revisions"}],"predecessor-version":[{"id":42720,"href":"https:\/\/www.interaccionnoticias.com.mx\/index.php?rest_route=\/wp\/v2\/posts\/42718\/revisions\/42720"}],"wp:featuredmedia":[{"embeddable":true,"href":"https:\/\/www.interaccionnoticias.com.mx\/index.php?rest_route=\/wp\/v2\/media\/42719"}],"wp:attachment":[{"href":"https:\/\/www.interaccionnoticias.com.mx\/index.php?rest_route=%2Fwp%2Fv2%2Fmedia&parent=42718"}],"wp:term":[{"taxonomy":"category","embeddable":true,"href":"https:\/\/www.interaccionnoticias.com.mx\/index.php?rest_route=%2Fwp%2Fv2%2Fcategories&post=42718"},{"taxonomy":"post_tag","embeddable":true,"href":"https:\/\/www.interaccionnoticias.com.mx\/index.php?rest_route=%2Fwp%2Fv2%2Ftags&post=42718"}],"curies":[{"name":"wp","href":"https:\/\/api.w.org\/{rel}","templated":true}]}}