{"id":42709,"date":"2022-03-15T18:46:58","date_gmt":"2022-03-16T00:46:58","guid":{"rendered":"https:\/\/interaccionnoticias.com.mx\/?p=42709"},"modified":"2022-03-15T18:47:03","modified_gmt":"2022-03-16T00:47:03","slug":"con-firmas-escaneadas-y-mal-colocadas-distribuyen-invitacion-del-congreso-local-para-la-consulta-a-los-pueblos-indigenas-y-afromexicanos","status":"publish","type":"post","link":"https:\/\/www.interaccionnoticias.com.mx\/?p=42709","title":{"rendered":"Con firmas escaneadas y mal colocadas, distribuyen invitaci\u00f3n del Congreso local para la consulta a los pueblos ind\u00edgenas y afromexicanos"},"content":{"rendered":"\n<p><strong><em>&#8212; En el contexto de la sentencia emitida por la Suprema Corte de Justicia de la Naci\u00f3n<br>&#8212; Tras la protesta del coordinador del PRI, H\u00e9ctor Apreza Patr\u00f3n, se corrigen los errores<\/em><\/strong><\/p>\n\n\n\n<p><strong>Rosario Garc\u00eda<\/strong><\/p>\n\n\n\n<p><strong>Chilpancingo, Gro., 15 de marzo del 2022.-<\/strong> El Congreso local puso en circulaci\u00f3n una invitaci\u00f3n a los pueblos ind\u00edgenas y afromexicanos de Guerrero, en el contexto de la consulta encaminada a cumplir con la sentencia emitida por la Suprema Corte de Justicia de la Naci\u00f3n (SCJN) respecto a las acciones de inconstitucionalidad 78\/2018 y 81\/2018, la cual durante varias horas del martes tuvo las firmas de los integrantes de la Junta de Coordinaci\u00f3n Pol\u00edtica (Jucopo) escaneadas, mientras que en dos casos estaban duplicadas.<\/p>\n\n\n\n<p>Se trata de la primera invitaci\u00f3n derivada del protocolo encaminado a cumplir con la sentencia de la SCJN, misma que va dirigida para el municipio de Acapulco y se distribuy\u00f3 la ma\u00f1ana del martes 15 de marzo, en ella se mostraban las firmas poco n\u00edtidas, tanto de los seis integrantes de la Jucopo, como de la presidenta de la Mesa Directiva, Flor A\u00f1orve Ocampo.<\/p>\n\n\n\n<p>V\u00eda telef\u00f3nica, la presidenta de la Mesa Directiva, Flor A\u00f1orve Ocampo confirm\u00f3 que ya hab\u00eda tenido la oportunidad de conocer la invitaci\u00f3n, en la que su firma se ve\u00eda \u201cun poco borrosa\u201d.<\/p>\n\n\n\n<p>\u00abEs como si fuera de foto copia\u00bb, dijo la representante popular.<\/p>\n\n\n\n<p>Las firmas del presidente de la Jucopo, Alfredo S\u00e1nchez Esquivel; del secretario H\u00e9ctor Apreza Patr\u00f3n; as\u00ed como de las vocales Leticia Mosso Hern\u00e1ndez y Ana Lenis Res\u00e9ndiz Javier tambi\u00e9n se miran borrosas, faltas de calidad.<\/p>\n\n\n\n<p>Pero en el caso del coordinador de la bancada del PRD, Raymundo Garc\u00eda Guti\u00e9rrez se duplica la firma y se coloca en el espacio que ocupa el nombre del representante del PVEM, Manuel Qui\u00f1onez Cort\u00e9s, lo que pon\u00eda en entredicho la legitimidad de la invitaci\u00f3n.<\/p>\n\n\n\n<p>En el inicio de la semana, un grupo de alcaldes de municipios con poblaciones ind\u00edgenas, reclamaron al Congreso Local la desorganizaci\u00f3n para trabajar la consulta que instruy\u00f3 la Suprema Corte de Justicia de la Naci\u00f3n, particularmente porque se tiene un periodo de tiempo muy corto para desarrollar los trabajos encaminados a desarrollar una consulta con todos los elementos que involucra la sentencia.<\/p>\n\n\n\n<p>La fecha l\u00edmite para cumplir con el desarrollo de las consultas es el 14 de abril, por lo que ya se tiene menos de un mes para llevarlas a cabo y notificar oficialmente a la Suprema Corte.<\/p>\n\n\n\n<p><strong>Del reclamo del PRI<\/strong><\/p>\n\n\n\n<p>En cuanto se conoci\u00f3 la circulaci\u00f3n del documento, el coordinador de la fracci\u00f3n parlamentaria del PRI, H\u00e9ctor Apreza Patr\u00f3n dirigi\u00f3 un oficio a la presidenta de la Mesa Directiva, en el que se\u00f1ala que nunca se le solicit\u00f3 insertar la firma en la invitaci\u00f3n de referencia, por lo que tampoco hab\u00eda dado la autorizaci\u00f3n para ello.<\/p>\n\n\n\n<p>\u201cQuiero expresar mi extra\u00f1eza y rechazo al que se use sin mi consentimiento mi firma o rubrica en este o cualquier otro documento expedido por el Congreso del Estado y procuradora del equilibrio entre las libertades y derechos de los diputados, gire instrucciones a quien corresponda para que se inicie la investigaci\u00f3n respectiva y e ser necesario, se presente la denuncia penal correspondiente en contra de quien resulte responsable sobre el uso no autorizado de mi firma en documentos oficiales\u201d, se\u00f1ala el oficio de Apreza Patr\u00f3n, mismo que fue recibido por la presidenta de la Mesa Directiva, Flor A\u00f1orve Ocampo.<\/p>\n\n\n\n<p><strong>Se repone la invitaci\u00f3n<\/strong><\/p>\n\n\n\n<p>Por la tarde, en una comunicaci\u00f3n escueta, el presidente de la Jucopo, Alfredo S\u00e1nchez Esquivel facilit\u00f3 la misma invitaci\u00f3n difundida durante la ma\u00f1ana, aunque ahora s\u00ed, con la firma correspondiente en cada uno de los coordinadores de fracci\u00f3n, representantes de partido y la presidenta de la Mesa Directiva.<\/p>\n\n\n\n<p>Las firmas son originales, incluso, la del coordinador del tricolor, H\u00e9ctor Apreza aparece en tinta azul, al igual que el caso del perredista Raymundo Garc\u00eda y de la panista Alanelis Res\u00e9ndiz Javier.<\/p>\n\n\n\n<p>\u201cEsta es la oficial\u201d, dijo en forma escueta el presidente de la Jucopo, al facilitar el documento que muestra las firmas originales de cada representante popular que avala el lanzamiento de la invitaci\u00f3n.<\/p>\n","protected":false},"excerpt":{"rendered":"<p>&#8212; En el contexto de la sentencia emitida por la Suprema Corte de Justicia de la Naci\u00f3n&#8212; Tras la protesta del coordinador del PRI, H\u00e9ctor Apreza Patr\u00f3n, se corrigen los&hellip; <\/p>\n","protected":false},"author":14,"featured_media":42710,"comment_status":"open","ping_status":"open","sticky":false,"template":"","format":"standard","meta":{"fifu_image_url":"","fifu_image_alt":"","footnotes":""},"categories":[2],"tags":[],"class_list":["post-42709","post","type-post","status-publish","format-standard","has-post-thumbnail","hentry","category-congreso"],"_links":{"self":[{"href":"https:\/\/www.interaccionnoticias.com.mx\/index.php?rest_route=\/wp\/v2\/posts\/42709","targetHints":{"allow":["GET"]}}],"collection":[{"href":"https:\/\/www.interaccionnoticias.com.mx\/index.php?rest_route=\/wp\/v2\/posts"}],"about":[{"href":"https:\/\/www.interaccionnoticias.com.mx\/index.php?rest_route=\/wp\/v2\/types\/post"}],"author":[{"embeddable":true,"href":"https:\/\/www.interaccionnoticias.com.mx\/index.php?rest_route=\/wp\/v2\/users\/14"}],"replies":[{"embeddable":true,"href":"https:\/\/www.interaccionnoticias.com.mx\/index.php?rest_route=%2Fwp%2Fv2%2Fcomments&post=42709"}],"version-history":[{"count":1,"href":"https:\/\/www.interaccionnoticias.com.mx\/index.php?rest_route=\/wp\/v2\/posts\/42709\/revisions"}],"predecessor-version":[{"id":42711,"href":"https:\/\/www.interaccionnoticias.com.mx\/index.php?rest_route=\/wp\/v2\/posts\/42709\/revisions\/42711"}],"wp:featuredmedia":[{"embeddable":true,"href":"https:\/\/www.interaccionnoticias.com.mx\/index.php?rest_route=\/wp\/v2\/media\/42710"}],"wp:attachment":[{"href":"https:\/\/www.interaccionnoticias.com.mx\/index.php?rest_route=%2Fwp%2Fv2%2Fmedia&parent=42709"}],"wp:term":[{"taxonomy":"category","embeddable":true,"href":"https:\/\/www.interaccionnoticias.com.mx\/index.php?rest_route=%2Fwp%2Fv2%2Fcategories&post=42709"},{"taxonomy":"post_tag","embeddable":true,"href":"https:\/\/www.interaccionnoticias.com.mx\/index.php?rest_route=%2Fwp%2Fv2%2Ftags&post=42709"}],"curies":[{"name":"wp","href":"https:\/\/api.w.org\/{rel}","templated":true}]}}