{"id":42703,"date":"2022-03-15T15:57:08","date_gmt":"2022-03-15T21:57:08","guid":{"rendered":"https:\/\/interaccionnoticias.com.mx\/?p=42703"},"modified":"2022-03-15T15:57:12","modified_gmt":"2022-03-15T21:57:12","slug":"necropsia-arroja-que-menores-murieron-ahogados","status":"publish","type":"post","link":"https:\/\/www.interaccionnoticias.com.mx\/?p=42703","title":{"rendered":"Necropsia arroja que menores murieron ahogados"},"content":{"rendered":"\n<p><strong><em>&#8211; Versiones en redes sociales culpaba al padre, pero se desestim\u00f3 tal se\u00f1alamiento<\/em><\/strong><\/p>\n\n\n\n<p><strong>Javier Trujillo<\/strong><\/p>\n\n\n\n<p><strong>Acapulco, Gro.-<\/strong> El alcalde de Petatl\u00e1n, Javier Aguilar Silva, desestim\u00f3 que los tres menores hayan fallecido de manera dolosa, y descart\u00f3 otras indicios de que los ni\u00f1os Ram\u00edrez Casiano fueran golpeados por el padre y se indica que murieron ahogados.<\/p>\n\n\n\n<p>\u00abTras los lamentables sucesos, en los que fallecieron tres menores de edad, pudimos convencer a los padres que aceptaran que les realizar\u00e1n la necropsia de ley, la cual arroj\u00f3 que murieron ahogados\u00bb, explic\u00f3 el edil de Petatl\u00e1n Javier Aguilar Silva.<\/p>\n\n\n\n<p>-\u00bfPor qu\u00e9 se hizo? Se le cuestion\u00f3 al presidente municipal.<\/p>\n\n\n\n<p>-Pues en redes sociales, a veces hacemos apolog\u00eda del delito, se difundi\u00f3 la versi\u00f3n que el padre los hab\u00eda privado de la vida y que los golpeaban, lo que no fue cierto.<\/p>\n\n\n\n<p>-Golpes a los menores, \u00bfNo hubo nada?<\/p>\n\n\n\n<p>-No, todo sali\u00f3 bien. No hubo nada de lo que se coment\u00f3, en redes sociales. Nadie har\u00eda nada en contra de un hijo, respondi\u00f3 el edil de Petatl\u00e1n.<\/p>\n\n\n\n<p>MILENIO inform\u00f3 que pasado once de marzo, tres menores de 5, 9 y 11 a\u00f1os de edad, hab\u00edan desaparecido, y horas m\u00e1s tardes fueron encontrados sin vida en una poza de agua del poblado El Cabrerito, en el municipio costero de Petatl\u00e1n.<\/p>\n","protected":false},"excerpt":{"rendered":"<p>&#8211; Versiones en redes sociales culpaba al padre, pero se desestim\u00f3 tal se\u00f1alamiento Javier Trujillo Acapulco, Gro.- El alcalde de Petatl\u00e1n, Javier Aguilar Silva, desestim\u00f3 que los tres menores hayan&hellip; <\/p>\n","protected":false},"author":3,"featured_media":42589,"comment_status":"open","ping_status":"open","sticky":false,"template":"","format":"standard","meta":{"fifu_image_url":"","fifu_image_alt":"","footnotes":""},"categories":[27],"tags":[],"class_list":["post-42703","post","type-post","status-publish","format-standard","has-post-thumbnail","hentry","category-seguridad-publica"],"_links":{"self":[{"href":"https:\/\/www.interaccionnoticias.com.mx\/index.php?rest_route=\/wp\/v2\/posts\/42703","targetHints":{"allow":["GET"]}}],"collection":[{"href":"https:\/\/www.interaccionnoticias.com.mx\/index.php?rest_route=\/wp\/v2\/posts"}],"about":[{"href":"https:\/\/www.interaccionnoticias.com.mx\/index.php?rest_route=\/wp\/v2\/types\/post"}],"author":[{"embeddable":true,"href":"https:\/\/www.interaccionnoticias.com.mx\/index.php?rest_route=\/wp\/v2\/users\/3"}],"replies":[{"embeddable":true,"href":"https:\/\/www.interaccionnoticias.com.mx\/index.php?rest_route=%2Fwp%2Fv2%2Fcomments&post=42703"}],"version-history":[{"count":1,"href":"https:\/\/www.interaccionnoticias.com.mx\/index.php?rest_route=\/wp\/v2\/posts\/42703\/revisions"}],"predecessor-version":[{"id":42704,"href":"https:\/\/www.interaccionnoticias.com.mx\/index.php?rest_route=\/wp\/v2\/posts\/42703\/revisions\/42704"}],"wp:featuredmedia":[{"embeddable":true,"href":"https:\/\/www.interaccionnoticias.com.mx\/index.php?rest_route=\/wp\/v2\/media\/42589"}],"wp:attachment":[{"href":"https:\/\/www.interaccionnoticias.com.mx\/index.php?rest_route=%2Fwp%2Fv2%2Fmedia&parent=42703"}],"wp:term":[{"taxonomy":"category","embeddable":true,"href":"https:\/\/www.interaccionnoticias.com.mx\/index.php?rest_route=%2Fwp%2Fv2%2Fcategories&post=42703"},{"taxonomy":"post_tag","embeddable":true,"href":"https:\/\/www.interaccionnoticias.com.mx\/index.php?rest_route=%2Fwp%2Fv2%2Ftags&post=42703"}],"curies":[{"name":"wp","href":"https:\/\/api.w.org\/{rel}","templated":true}]}}