{"id":42284,"date":"2022-03-03T17:11:23","date_gmt":"2022-03-03T23:11:23","guid":{"rendered":"https:\/\/interaccionnoticias.com.mx\/?p=42284"},"modified":"2022-03-03T17:11:29","modified_gmt":"2022-03-03T23:11:29","slug":"dictan-sentencia-de-50-anos-contra-dos-hombres-por-secuestro-agravado","status":"publish","type":"post","link":"https:\/\/www.interaccionnoticias.com.mx\/?p=42284","title":{"rendered":"Dictan sentencia de 50 a\u00f1os contra dos hombres por secuestro agravado"},"content":{"rendered":"\n<p><strong><em>&#8211; El delito se cometi\u00f3 en Chilpancingo<\/em><\/strong><\/p>\n\n\n\n<p><strong>Rogelio Agust\u00edn<\/strong><\/p>\n\n\n\n<p><strong>Chilpancingo, Gro. 3 de marzo de 2022.-<\/strong> Eugenio \u00abN\u00bb y Francisco \u00abN\u00bb fueron sentenciados a 50 a\u00f1os de prisi\u00f3n, a partir de la responsabilidad en la comisi\u00f3n del delito de secuestro agravado, el cual se cometi\u00f3 en la capital de Guerrero.<\/p>\n\n\n\n<p>De acuerdo con el informe de la Fiscal\u00eda General del Estado (FGE), los sentenciados actuaron en complicidad con otros dos hombres para bajar a su v\u00edctima de una urvan del servicio de transporte p\u00fablico.<br>Una vez con la v\u00edctima en su poder, la llevaron a una casa de seguridad y m\u00e1s tarde exigieron el pago de un rescate.<\/p>\n\n\n\n<p>Se anota que el Ministerio P\u00fablico aport\u00f3 los datos de prueba por los hechos, mismos que est\u00e1n contenidos en la carpeta judicial C-119\/2018, acreditando el delito en menci\u00f3n y obteniendo del Tribunal de Enjuiciamiento Penal, una sentencia privativa de libertad.<\/p>\n\n\n\n<p>Se anota que los sentenciados pagar\u00e1n por una multa y por la reparaci\u00f3n del da\u00f1o en favor de la v\u00edctima del delito, de la que se mantiene la identidad bajo reserva.<\/p>\n","protected":false},"excerpt":{"rendered":"<p>&#8211; El delito se cometi\u00f3 en Chilpancingo Rogelio Agust\u00edn Chilpancingo, Gro. 3 de marzo de 2022.- Eugenio \u00abN\u00bb y Francisco \u00abN\u00bb fueron sentenciados a 50 a\u00f1os de prisi\u00f3n, a partir&hellip; <\/p>\n","protected":false},"author":21,"featured_media":42285,"comment_status":"open","ping_status":"open","sticky":false,"template":"","format":"standard","meta":{"fifu_image_url":"","fifu_image_alt":"","footnotes":""},"categories":[27],"tags":[],"class_list":["post-42284","post","type-post","status-publish","format-standard","has-post-thumbnail","hentry","category-seguridad-publica"],"_links":{"self":[{"href":"https:\/\/www.interaccionnoticias.com.mx\/index.php?rest_route=\/wp\/v2\/posts\/42284","targetHints":{"allow":["GET"]}}],"collection":[{"href":"https:\/\/www.interaccionnoticias.com.mx\/index.php?rest_route=\/wp\/v2\/posts"}],"about":[{"href":"https:\/\/www.interaccionnoticias.com.mx\/index.php?rest_route=\/wp\/v2\/types\/post"}],"author":[{"embeddable":true,"href":"https:\/\/www.interaccionnoticias.com.mx\/index.php?rest_route=\/wp\/v2\/users\/21"}],"replies":[{"embeddable":true,"href":"https:\/\/www.interaccionnoticias.com.mx\/index.php?rest_route=%2Fwp%2Fv2%2Fcomments&post=42284"}],"version-history":[{"count":1,"href":"https:\/\/www.interaccionnoticias.com.mx\/index.php?rest_route=\/wp\/v2\/posts\/42284\/revisions"}],"predecessor-version":[{"id":42286,"href":"https:\/\/www.interaccionnoticias.com.mx\/index.php?rest_route=\/wp\/v2\/posts\/42284\/revisions\/42286"}],"wp:featuredmedia":[{"embeddable":true,"href":"https:\/\/www.interaccionnoticias.com.mx\/index.php?rest_route=\/wp\/v2\/media\/42285"}],"wp:attachment":[{"href":"https:\/\/www.interaccionnoticias.com.mx\/index.php?rest_route=%2Fwp%2Fv2%2Fmedia&parent=42284"}],"wp:term":[{"taxonomy":"category","embeddable":true,"href":"https:\/\/www.interaccionnoticias.com.mx\/index.php?rest_route=%2Fwp%2Fv2%2Fcategories&post=42284"},{"taxonomy":"post_tag","embeddable":true,"href":"https:\/\/www.interaccionnoticias.com.mx\/index.php?rest_route=%2Fwp%2Fv2%2Ftags&post=42284"}],"curies":[{"name":"wp","href":"https:\/\/api.w.org\/{rel}","templated":true}]}}