{"id":42263,"date":"2022-03-03T10:02:20","date_gmt":"2022-03-03T16:02:20","guid":{"rendered":"https:\/\/interaccionnoticias.com.mx\/?p=42263"},"modified":"2022-03-03T10:02:24","modified_gmt":"2022-03-03T16:02:24","slug":"spcgro-activa-protocolos-por-dos-sismos-registrados-la-manana-de-este-jueves","status":"publish","type":"post","link":"https:\/\/www.interaccionnoticias.com.mx\/?p=42263","title":{"rendered":"SPCGRO ACTIVA PROTOCOLOS POR DOS SISMOS REGISTRADOS LA MA\u00d1ANA DE ESTE JUEVES"},"content":{"rendered":"\n<p><strong>Chilpancingo, Gro., 03 de marzo de 2022.-<\/strong> La Secretar\u00eda de Protecci\u00f3n Civil Guerrero, informa que esta ma\u00f1ana se registr\u00f3 un sismo a las 08:40:56, con epicentro a dos kil\u00f3metros al Sureste de Isla Veracruz, l\u00edmites con Oaxaca, de magnitud preliminar 6.2, gener\u00e1ndose la activaci\u00f3n de la alerta s\u00edsmica.<\/p>\n\n\n\n<p>En el caso de Guerrero se percibi\u00f3 de manera ligera en los municipios de las regiones Centro, Norte y Monta\u00f1a.<\/p>\n\n\n\n<p>La Secretar\u00eda de Protecci\u00f3n Civil Guerrero activ\u00f3 los protocolos de atenci\u00f3n a la poblaci\u00f3n en casos de sismos y se establece comunicaci\u00f3n con autoridades municipales, sin reporte de afectaciones hasta el momento.<\/p>\n\n\n\n<p>Cabe se\u00f1alar que a las 08:54:57 se percibi\u00f3 otro ligero movimiento con epicentro a cinco kil\u00f3metros al sur del municipio de T\u00e9cpan de Galeana, de magnitud preliminar 4.2, fue percibi\u00f3 ligero en Acapulco y Costa Grande.<br><\/p>\n","protected":false},"excerpt":{"rendered":"<p>Chilpancingo, Gro., 03 de marzo de 2022.- La Secretar\u00eda de Protecci\u00f3n Civil Guerrero, informa que esta ma\u00f1ana se registr\u00f3 un sismo a las 08:40:56, con epicentro a dos kil\u00f3metros al&hellip; <\/p>\n","protected":false},"author":19,"featured_media":42264,"comment_status":"open","ping_status":"open","sticky":false,"template":"","format":"standard","meta":{"fifu_image_url":"","fifu_image_alt":"","footnotes":""},"categories":[9],"tags":[],"class_list":["post-42263","post","type-post","status-publish","format-standard","has-post-thumbnail","hentry","category-fenomenos-naturales"],"_links":{"self":[{"href":"https:\/\/www.interaccionnoticias.com.mx\/index.php?rest_route=\/wp\/v2\/posts\/42263","targetHints":{"allow":["GET"]}}],"collection":[{"href":"https:\/\/www.interaccionnoticias.com.mx\/index.php?rest_route=\/wp\/v2\/posts"}],"about":[{"href":"https:\/\/www.interaccionnoticias.com.mx\/index.php?rest_route=\/wp\/v2\/types\/post"}],"author":[{"embeddable":true,"href":"https:\/\/www.interaccionnoticias.com.mx\/index.php?rest_route=\/wp\/v2\/users\/19"}],"replies":[{"embeddable":true,"href":"https:\/\/www.interaccionnoticias.com.mx\/index.php?rest_route=%2Fwp%2Fv2%2Fcomments&post=42263"}],"version-history":[{"count":1,"href":"https:\/\/www.interaccionnoticias.com.mx\/index.php?rest_route=\/wp\/v2\/posts\/42263\/revisions"}],"predecessor-version":[{"id":42265,"href":"https:\/\/www.interaccionnoticias.com.mx\/index.php?rest_route=\/wp\/v2\/posts\/42263\/revisions\/42265"}],"wp:featuredmedia":[{"embeddable":true,"href":"https:\/\/www.interaccionnoticias.com.mx\/index.php?rest_route=\/wp\/v2\/media\/42264"}],"wp:attachment":[{"href":"https:\/\/www.interaccionnoticias.com.mx\/index.php?rest_route=%2Fwp%2Fv2%2Fmedia&parent=42263"}],"wp:term":[{"taxonomy":"category","embeddable":true,"href":"https:\/\/www.interaccionnoticias.com.mx\/index.php?rest_route=%2Fwp%2Fv2%2Fcategories&post=42263"},{"taxonomy":"post_tag","embeddable":true,"href":"https:\/\/www.interaccionnoticias.com.mx\/index.php?rest_route=%2Fwp%2Fv2%2Ftags&post=42263"}],"curies":[{"name":"wp","href":"https:\/\/api.w.org\/{rel}","templated":true}]}}