{"id":42261,"date":"2022-03-02T22:52:28","date_gmt":"2022-03-03T04:52:28","guid":{"rendered":"https:\/\/interaccionnoticias.com.mx\/?p=42261"},"modified":"2022-03-02T22:52:32","modified_gmt":"2022-03-03T04:52:32","slug":"enyel-n-quedo-a-disposicion-del-ministerio-publico-por-privacion-de-la-libertad-de-dos-masculinos-en-chilpancingo","status":"publish","type":"post","link":"https:\/\/www.interaccionnoticias.com.mx\/?p=42261","title":{"rendered":"Enyel \u201cN\u201d qued\u00f3 a disposici\u00f3n del Ministerio P\u00fablico por privaci\u00f3n de la libertad de dos masculinos, en Chilpancingo"},"content":{"rendered":"\n<p><strong>Chilpancingo, Gro. 2 de marzo de 2022.-<\/strong> Enyel Antonio \u201cN\u201d, de nacionalidad Nicarag\u00fcense, qued\u00f3 asegurado y puesto a disposici\u00f3n del Ministerio P\u00fablico como probable responsable del delito de privaci\u00f3n de la libertad personal agravada, de dos personas del sexo masculino, en la ciudad de Chilpancingo.<\/p>\n\n\n\n<p>Los hechos cuando elementos policiacos se desplegaron en la zona cercana a la 35 Zona Militar, y al observar un veh\u00edculo tripulado por tres masculinos que dejaba ver un arma larga en su interior, se les marc\u00f3 el alto.<\/p>\n\n\n\n<p>En ese momento dos de los masculinos informaron que los ten\u00edan contra su voluntad, que la persona que ven\u00eda con ellos, de nombre Enyel \u201cN\u201d, tra\u00eda un arma de fuego y los amag\u00f3 para privarlos de la libertad.<\/p>\n\n\n\n<p>Quedando asegurado en flagrancia y puesto a disposici\u00f3n del Ministerio P\u00fablico, quien dentro del t\u00e9rmino legal definir\u00e1 la situaci\u00f3n jur\u00eddica.<\/p>\n\n\n\n<p>La Fiscal\u00eda General del Estado de Guerrero reafirma su compromiso con las y los guerrerenses.<\/p>\n","protected":false},"excerpt":{"rendered":"<p>Chilpancingo, Gro. 2 de marzo de 2022.- Enyel Antonio \u201cN\u201d, de nacionalidad Nicarag\u00fcense, qued\u00f3 asegurado y puesto a disposici\u00f3n del Ministerio P\u00fablico como probable responsable del delito de privaci\u00f3n de&hellip; <\/p>\n","protected":false},"author":19,"featured_media":42258,"comment_status":"open","ping_status":"open","sticky":false,"template":"","format":"standard","meta":{"fifu_image_url":"","fifu_image_alt":"","footnotes":""},"categories":[27],"tags":[],"class_list":["post-42261","post","type-post","status-publish","format-standard","has-post-thumbnail","hentry","category-seguridad-publica"],"_links":{"self":[{"href":"https:\/\/www.interaccionnoticias.com.mx\/index.php?rest_route=\/wp\/v2\/posts\/42261","targetHints":{"allow":["GET"]}}],"collection":[{"href":"https:\/\/www.interaccionnoticias.com.mx\/index.php?rest_route=\/wp\/v2\/posts"}],"about":[{"href":"https:\/\/www.interaccionnoticias.com.mx\/index.php?rest_route=\/wp\/v2\/types\/post"}],"author":[{"embeddable":true,"href":"https:\/\/www.interaccionnoticias.com.mx\/index.php?rest_route=\/wp\/v2\/users\/19"}],"replies":[{"embeddable":true,"href":"https:\/\/www.interaccionnoticias.com.mx\/index.php?rest_route=%2Fwp%2Fv2%2Fcomments&post=42261"}],"version-history":[{"count":1,"href":"https:\/\/www.interaccionnoticias.com.mx\/index.php?rest_route=\/wp\/v2\/posts\/42261\/revisions"}],"predecessor-version":[{"id":42262,"href":"https:\/\/www.interaccionnoticias.com.mx\/index.php?rest_route=\/wp\/v2\/posts\/42261\/revisions\/42262"}],"wp:featuredmedia":[{"embeddable":true,"href":"https:\/\/www.interaccionnoticias.com.mx\/index.php?rest_route=\/wp\/v2\/media\/42258"}],"wp:attachment":[{"href":"https:\/\/www.interaccionnoticias.com.mx\/index.php?rest_route=%2Fwp%2Fv2%2Fmedia&parent=42261"}],"wp:term":[{"taxonomy":"category","embeddable":true,"href":"https:\/\/www.interaccionnoticias.com.mx\/index.php?rest_route=%2Fwp%2Fv2%2Fcategories&post=42261"},{"taxonomy":"post_tag","embeddable":true,"href":"https:\/\/www.interaccionnoticias.com.mx\/index.php?rest_route=%2Fwp%2Fv2%2Ftags&post=42261"}],"curies":[{"name":"wp","href":"https:\/\/api.w.org\/{rel}","templated":true}]}}