{"id":42254,"date":"2022-03-02T22:38:35","date_gmt":"2022-03-03T04:38:35","guid":{"rendered":"https:\/\/interaccionnoticias.com.mx\/?p=42254"},"modified":"2022-03-02T22:38:40","modified_gmt":"2022-03-03T04:38:40","slug":"hay-24-camaras-de-vigilancia-distribuidos-en-tres-plantas-del-congreso-local","status":"publish","type":"post","link":"https:\/\/www.interaccionnoticias.com.mx\/?p=42254","title":{"rendered":"Hay 24 c\u00e1maras de vigilancia distribuidos en tres plantas del Congreso local"},"content":{"rendered":"\n<p><strong><em>&#8211; Como nunca antes, puertas de acceso y ventanas tienen cristales blindados, se\u00f1ala la fracci\u00f3n parlamentaria del PRI<br>&#8211; \u201cNo es paranoia, es respeto a la ley\u201d, aclara H\u00e9ctor Apreza<\/em><\/strong><\/p>\n\n\n\n<p><strong>Rogelio Agust\u00edn<\/strong><\/p>\n\n\n\n<p>Son 24 las c\u00e1maras de video que en el inicio de esta semana se instalaron en la planta baja y dos pisos del Congreso local, lo que la fracci\u00f3n parlamentaria del PRI sostiene que s\u00ed es un intento de espionaje.<\/p>\n\n\n\n<p>H\u00e9ctor Apreza Patr\u00f3n, coordinador de la bancada del tricolor, sostiene que lo reportado es grave, pues las 24 c\u00e1maras se instalaron sin consenso y sin tomar en cuenta a las diputadas y diputados.<\/p>\n\n\n\n<p>El representante popular se\u00f1ala que en t\u00e9rminos de seguridad, las c\u00e1maras de videovigilancia se establecen generalmente en los perimetros y puertas de acceso, pero no en la zona de oficinas, como sucede actualmente.<\/p>\n\n\n\n<p>Indic\u00f3 que ante la presi\u00f3n que ejerci\u00f3, la respuesta no lleg\u00f3 por parte del presidente de la Junta de Coordinaci\u00f3n Pol\u00edtica (Jucopo), Alfredo S\u00e1nchez Esquivel, sino que fue por parte del responsable de la seguridad, que en un primer momento les entreg\u00f3 un oficio firmado el 28 de febrero.<\/p>\n\n\n\n<p>Despu\u00e9s, el miercoles 2 de marzo se les entreg\u00f3 un croquis en el que se indica la ubicaci\u00f3n de 24 c\u00e1maras, 8 por cada una de las etapas que integran el edificio.<\/p>\n\n\n\n<p>En el caso del primer piso, la mayor\u00eda de las c\u00e1maras se focaliza en la coordinacion de oficinas de la bancada del PRI.<\/p>\n\n\n\n<p>Respecto al se\u00f1alamiento hecho por el presidente de la Jucopo, Alfredo S\u00e1nchez, en el sentido de que hay cierta \u201cparanoia\u201d entre los diputados del PRI, Apreza refiere que lo que en realidad se plantea, es que haya respeto a lo que establece la ley.<\/p>\n\n\n\n<p>En todo caso, destaca que la paranoia \u201cest\u00e1 en otro lugar\u201d, porque es en esta legislatura, en la que Morena preside la Jucopo, en la que se instalaron cristales blindados en las puertas y ventanas de acceso.<\/p>\n\n\n\n<p>\u201cEs un vidrio blindado, nunca en la historia del congreso se habian utilizado vidrios blindados, en todo caso, la paranoia no est\u00e1 en el grupo parlamentario del PRI\u201d, revir\u00f3.<\/p>\n\n\n\n<p>A presunta expresa, destac\u00f3 que la bancada que coordina se encuentra en una etapa de an\u00e1lisis, ara efecto de decidir que tipo de acciones son la que emprende para revertir lo que insiste, tiene todas las caracter\u00edsticas de espionaje pol\u00edtico.<\/p>\n","protected":false},"excerpt":{"rendered":"<p>&#8211; Como nunca antes, puertas de acceso y ventanas tienen cristales blindados, se\u00f1ala la fracci\u00f3n parlamentaria del PRI&#8211; \u201cNo es paranoia, es respeto a la ley\u201d, aclara H\u00e9ctor Apreza Rogelio&hellip; <\/p>\n","protected":false},"author":21,"featured_media":42255,"comment_status":"open","ping_status":"open","sticky":false,"template":"","format":"standard","meta":{"fifu_image_url":"","fifu_image_alt":"","footnotes":""},"categories":[2],"tags":[75,113,164],"class_list":["post-42254","post","type-post","status-publish","format-standard","has-post-thumbnail","hentry","category-congreso","tag-congreso-local","tag-hector-apreza-patron","tag-pri"],"_links":{"self":[{"href":"https:\/\/www.interaccionnoticias.com.mx\/index.php?rest_route=\/wp\/v2\/posts\/42254","targetHints":{"allow":["GET"]}}],"collection":[{"href":"https:\/\/www.interaccionnoticias.com.mx\/index.php?rest_route=\/wp\/v2\/posts"}],"about":[{"href":"https:\/\/www.interaccionnoticias.com.mx\/index.php?rest_route=\/wp\/v2\/types\/post"}],"author":[{"embeddable":true,"href":"https:\/\/www.interaccionnoticias.com.mx\/index.php?rest_route=\/wp\/v2\/users\/21"}],"replies":[{"embeddable":true,"href":"https:\/\/www.interaccionnoticias.com.mx\/index.php?rest_route=%2Fwp%2Fv2%2Fcomments&post=42254"}],"version-history":[{"count":1,"href":"https:\/\/www.interaccionnoticias.com.mx\/index.php?rest_route=\/wp\/v2\/posts\/42254\/revisions"}],"predecessor-version":[{"id":42256,"href":"https:\/\/www.interaccionnoticias.com.mx\/index.php?rest_route=\/wp\/v2\/posts\/42254\/revisions\/42256"}],"wp:featuredmedia":[{"embeddable":true,"href":"https:\/\/www.interaccionnoticias.com.mx\/index.php?rest_route=\/wp\/v2\/media\/42255"}],"wp:attachment":[{"href":"https:\/\/www.interaccionnoticias.com.mx\/index.php?rest_route=%2Fwp%2Fv2%2Fmedia&parent=42254"}],"wp:term":[{"taxonomy":"category","embeddable":true,"href":"https:\/\/www.interaccionnoticias.com.mx\/index.php?rest_route=%2Fwp%2Fv2%2Fcategories&post=42254"},{"taxonomy":"post_tag","embeddable":true,"href":"https:\/\/www.interaccionnoticias.com.mx\/index.php?rest_route=%2Fwp%2Fv2%2Ftags&post=42254"}],"curies":[{"name":"wp","href":"https:\/\/api.w.org\/{rel}","templated":true}]}}