{"id":42252,"date":"2022-03-02T20:42:55","date_gmt":"2022-03-03T02:42:55","guid":{"rendered":"https:\/\/interaccionnoticias.com.mx\/?p=42252"},"modified":"2022-03-02T20:43:00","modified_gmt":"2022-03-03T02:43:00","slug":"estancado-el-proceso-de-consulta-a-los-indigenas-afrodescendientes-y-afromexicanos","status":"publish","type":"post","link":"https:\/\/www.interaccionnoticias.com.mx\/?p=42252","title":{"rendered":"Estancado el proceso de consulta a los ind\u00edgenas, afrodescendientes y afromexicanos."},"content":{"rendered":"\n<p><strong>#TintaJur\u00eddica<\/strong><\/p>\n\n\n\n<p><strong>Por Dr. Trinidad Zamacona L\u00f3pez.<\/strong><\/p>\n\n\n\n<p>\u00abLas acciones de inconstitucionalidad n\u00fameros 78\/2018; 81\/2018; 136\/2020 y 299\/2020, pueden dar un giro inesperado, la oposici\u00f3n propuso un punto de acuerdo pero los de Morena, lo desestimaron, el tiempo les gana\u201d<\/p>\n\n\n\n<p>Tal parece que en el Congreso Local, sus integrantes de la LXIII legislatura no les interesan las sanciones que pueden acarrear el que no se pongan de acuerdo para sacar la convocatoria e iniciar los foros de consulta a los ind\u00edgenas, afrodescendientes y afromexicanos.<\/p>\n\n\n\n<p>Recuerdan Ustedes el desafuero del actual mandatario, ocurri\u00f3 durante los a\u00f1os 2004 y 2005, eso fue porque desobedeci\u00f3 durante 11 meses una suspensi\u00f3n definitiva otorgada por un juez dentro de la tramitaci\u00f3n de un juicio de amparo (n\u00famero 872\/2000 del \u00edndice del Juzgado Noveno de Distrito en Materia Administrativa en el Distrito Federal) para suspender obras de vialidad en el predio conocido como El Encino.<\/p>\n\n\n\n<p>La resoluci\u00f3n fue m\u00e1s o menos en este sentido, \u201cEl Pleno de la C\u00e1mara de Diputados, erigido en Jurado de Procedencia, ocurri\u00f3 con 360 votos a favor, 127 en contra y 2 abstenciones, el dictamen, en sus t\u00e9rminos, elaborado por la Secci\u00f3n Instructora y en el que se declara que ha lugar a proceder penalmente en contra del C. Andr\u00e9s Manuel L\u00f3pez Obrador. De acuerdo con los resolutivos del dictamen y en t\u00e9rminos del p\u00e1rrafo s\u00e9ptimo del Art\u00edculo 111 de la Constituci\u00f3n Pol\u00edtica, queda separado inmediatamente de su cargo de Jefe de Gobierno, en tanto est\u00e1 sujeto a proceso penal, y en consecuencia, puesto a disposici\u00f3n de las autoridades competencias para que act\u00faen con apego a la ley. Ello, por la comisi\u00f3n del delito previsto y sancionado por los art\u00edculos 206 de la Ley de Amparo, y en relaci\u00f3n con el 215 del C\u00f3digo Penal Federal\u201d extracto del bolet\u00edn que se public\u00f3 en la p\u00e1gina de la c\u00e1mara de diputados, LXII legislatura federal. Ojala que en Guerrero no estemos ante algo similar.<\/p>\n\n\n\n<p>Entonces el no cumplir las determinaciones de la Suprema Corte de Justicia de la Naci\u00f3n, para los que son de elecci\u00f3n popular, la sanci\u00f3n es la separaci\u00f3n del cargo de manera inmediata.<\/p>\n\n\n\n<p>Pero tal parece que eso no les importa a los congresistas guindas, obtener una sanci\u00f3n de esa magnitud, muchos est\u00e1n confiados de que van a lograr la consulta en tan poco tiempo, pero no es as\u00ed, la convocatoria debe de cumplir ciertas caracter\u00edsticas, que ni tan siquiera la est\u00e1n contemplando.<\/p>\n\n\n\n<p>La consulta debe de ser para y con los ind\u00edgenas, afrodescendientes y afromexicanos, y no veo en el punto de acuerdo que present\u00f3 la oposici\u00f3n que est\u00e9n dentro de los par\u00e1metros de c\u00f3mo lo est\u00e1 instruyendo la Suprema Corte de Justicia de la Naci\u00f3n, en las resoluciones de inconstitucionalidad, pero por lo menos est\u00e1n mostrando disponibilidad para hacer los foros.<\/p>\n\n\n\n<p>Propusieron en la sesi\u00f3n de ayer un punto de acuerdo con respecto a los foros de consulta, \u201cnos permitimos someter a la consideraci\u00f3n de la Plenaria, para que se discuta y en su caso se apruebe como asunto de urgente y obvia resoluci\u00f3n, la propuesta de los grupos opositores encabezados por H\u00e9ctor Apreza Patr\u00f3n (PRI) Raymundo Garc\u00eda Guti\u00e9rrez, (PRD) al que se sumaron los del Partido Verde Ecologista de M\u00e9xico, Manuel Qui\u00f1ones Cortes, Hilda Jennifer Ponce Mendoza, y la del Partido Acci\u00f3n Nacional, Ana Lenis Res\u00e9ndiz Javier; y sin darle la m\u00e1s m\u00ednima importancia la mandaron a la Junta de Coordinaci\u00f3n Pol\u00edtica, cuando existen comisiones para desahogar esos temas.<\/p>\n\n\n\n<p>Pero la par\u00e1lisis es un tema que se dio desde la LXII y esta legislatura LXIII lo est\u00e1 repitiendo cuando ya no tienen tiempo suficiente para sacar adelante la consulta, hacer o dejar de hacer pueden caer en responsabilidad pol\u00edtica, ya est\u00e1n advertidos, los foros de consulta se deben hacer con los ind\u00edgenas, con los afrodescendientes o afromexicanos; una reforma hecha desde el poder, no cumplir\u00e1 con lo determinado en las sentencias de la acciones de inconstitucionalidad.<\/p>\n\n\n\n<p>Los grupos t\u00e9cnicos interdisciplinarios son los m\u00e1s adecuados, y no la mesa de alto nivel, o el grupo t\u00e9cnico interinstitucional; a parte de las dependencias que mencionan en dicha propuesta, falta la integraci\u00f3n de la Comisi\u00f3n de Defensa de los Derechos Humanos del Estado de Guerrero, el Instituto Nacional de Estad\u00edstica Geograf\u00eda e Inform\u00e1tica, el Instituto Nacional de los Pueblos Ind\u00edgenas, la Secretar\u00eda de Asuntos Ind\u00edgenas y Afromexicanos, el Instituto Electoral y de Participaci\u00f3n Ciudadana del Estado, la Junta Ejecutiva Estatal del Instituto Nacional Electoral con sede en Guerrero, las organizaciones sociales, la Universidad Aut\u00f3noma de Guerrero, ya que en ella estudian j\u00f3venes ind\u00edgenas, y estos pueden servir como enlaces o int\u00e9rpretes en los foros, los municipios que tengan organizaciones ind\u00edgenas o bien detecten poblaci\u00f3n ind\u00edgena en sus territorios.<\/p>\n\n\n\n<p>Por lo menos la oposici\u00f3n ya dio muestra de su experiencia, propone la estrategia administrativa, tiene la idea y la intenci\u00f3n de cumplir, con lo requerido en las sentencias de las acciones de inconstitucionalidad; saben, por su experiencia pol\u00edtica, que el no cumplir pone en peligro su estancia en el parlamento guerrerense.<\/p>\n\n\n\n<p>El \u201cPROTOCOLO PARA DESARROLLAR DE MANERA LIBRE, PREVIA, INFORMADA Y DE BUENA FE, EL PROCESO DE CONSULTA PARA PODER CREAR, REFORMAR, ADICIONAR O DEROGAR LAS LEYES QUE IMPACTEN EN LA ESFERA DE DERECHOS A LAS COMUNIDADES Y PUEBLOS IND\u00cdGENAS Y AFROMEXICANOS\u201d, que enviaron a la Suprema Corte de Justicia de la Naci\u00f3n, el diputado Alfredo S\u00e1nchez Esquivel, no es m\u00e1s que una carta de buenas intenciones; pero no es solo el querer, sino el hacer, es lo que no quieren hacer, dejar que todo lo haga el poder Ejecutivo es un error, los que hicieron mal las reformas fueron los integrantes del poder legislativo y no el ejecutivo, a este solo le corresponde la publicaci\u00f3n y la iniciaci\u00f3n de la vigencia de la norma, a los otros les corresponden las otras etapas.<\/p>\n\n\n\n<p>Un Congreso paralizado en los trabajos legislativos, es un mal ejemplo para el pa\u00eds, deja mal parado a todos los Guerrerenses, en eso no piensan quienes trabajan en el C\u00e1mara de Diputados.<\/p>\n","protected":false},"excerpt":{"rendered":"<p>#TintaJur\u00eddica Por Dr. Trinidad Zamacona L\u00f3pez. \u00abLas acciones de inconstitucionalidad n\u00fameros 78\/2018; 81\/2018; 136\/2020 y 299\/2020, pueden dar un giro inesperado, la oposici\u00f3n propuso un punto de acuerdo pero los&hellip; <\/p>\n","protected":false},"author":24,"featured_media":39128,"comment_status":"open","ping_status":"open","sticky":false,"template":"","format":"standard","meta":{"fifu_image_url":"","fifu_image_alt":"","footnotes":""},"categories":[16],"tags":[],"class_list":["post-42252","post","type-post","status-publish","format-standard","has-post-thumbnail","hentry","category-opinion"],"_links":{"self":[{"href":"https:\/\/www.interaccionnoticias.com.mx\/index.php?rest_route=\/wp\/v2\/posts\/42252","targetHints":{"allow":["GET"]}}],"collection":[{"href":"https:\/\/www.interaccionnoticias.com.mx\/index.php?rest_route=\/wp\/v2\/posts"}],"about":[{"href":"https:\/\/www.interaccionnoticias.com.mx\/index.php?rest_route=\/wp\/v2\/types\/post"}],"author":[{"embeddable":true,"href":"https:\/\/www.interaccionnoticias.com.mx\/index.php?rest_route=\/wp\/v2\/users\/24"}],"replies":[{"embeddable":true,"href":"https:\/\/www.interaccionnoticias.com.mx\/index.php?rest_route=%2Fwp%2Fv2%2Fcomments&post=42252"}],"version-history":[{"count":1,"href":"https:\/\/www.interaccionnoticias.com.mx\/index.php?rest_route=\/wp\/v2\/posts\/42252\/revisions"}],"predecessor-version":[{"id":42253,"href":"https:\/\/www.interaccionnoticias.com.mx\/index.php?rest_route=\/wp\/v2\/posts\/42252\/revisions\/42253"}],"wp:featuredmedia":[{"embeddable":true,"href":"https:\/\/www.interaccionnoticias.com.mx\/index.php?rest_route=\/wp\/v2\/media\/39128"}],"wp:attachment":[{"href":"https:\/\/www.interaccionnoticias.com.mx\/index.php?rest_route=%2Fwp%2Fv2%2Fmedia&parent=42252"}],"wp:term":[{"taxonomy":"category","embeddable":true,"href":"https:\/\/www.interaccionnoticias.com.mx\/index.php?rest_route=%2Fwp%2Fv2%2Fcategories&post=42252"},{"taxonomy":"post_tag","embeddable":true,"href":"https:\/\/www.interaccionnoticias.com.mx\/index.php?rest_route=%2Fwp%2Fv2%2Ftags&post=42252"}],"curies":[{"name":"wp","href":"https:\/\/api.w.org\/{rel}","templated":true}]}}