{"id":42242,"date":"2022-03-02T19:34:05","date_gmt":"2022-03-03T01:34:05","guid":{"rendered":"https:\/\/interaccionnoticias.com.mx\/?p=42242"},"modified":"2022-03-02T19:34:10","modified_gmt":"2022-03-03T01:34:10","slug":"retroceso-para-mexico-eliminar-el-programa-escuelas-tiempo-completo-considera-el-diputado-rafael-navarrete","status":"publish","type":"post","link":"https:\/\/www.interaccionnoticias.com.mx\/?p=42242","title":{"rendered":"Retroceso para M\u00e9xico eliminar el Programa Escuelas Tiempo Completo, considera el diputado Rafael Navarrete"},"content":{"rendered":"\n<p><strong>&#8211; Rechaza RNQ la decisi\u00f3n anunciada por la titular de la SEP del Gobierno de la 4ta Transformaci\u00f3n<br>&#8211; Casi 4 millones de ni\u00f1as y ni\u00f1os son afectados en el pa\u00eds y en Guerrero al rededor de 144 mil alumnos de mil 354 escuelas incorporadas al PETC<\/strong><\/p>\n\n\n\n<p>CHILPANCINGO, Gro. &#8211; El diputado local Rafael Navarrete Quezada rechaz\u00f3 la decisi\u00f3n tomada por la Secretar\u00eda de Educaci\u00f3n P\u00fablica (SEP) del Gobierno de la 4ta. Transformaci\u00f3n, de eliminar el programa de Escuelas de Tiempo Completo (PETC), con lo cual son afectados casi 4 millones de ni\u00f1as y ni\u00f1os de m\u00e1s de 25 mil escuelas beneficiadas en el pa\u00eds y en Guerrero, a m\u00e1s de 140 mil estudiantes de mil 354 escuelas de zonas ind\u00edgenas y rurales que recib\u00edan estos beneficios de alimentaci\u00f3n y apoyo pedag\u00f3gico.<\/p>\n\n\n\n<p>\u00abDebemos avanzar en pol\u00edticas p\u00fablicas que verdaderamente beneficien a la poblaci\u00f3n y no retroceder con la eliminaci\u00f3n de programas tan nobles y de gran impacto social y educativo, como es el Programa de Escuelas de Tiempo Completo, por el contrario, este se debe fortalecer y mejorar la calidad educativa con mayores recursos\u00bb, se\u00f1al\u00f3 el legislador Navarrete Quezada desde sus redes sociales.<\/p>\n\n\n\n<p>Lo anterior, luego de que la titular de la Secretar\u00eda de Educaci\u00f3n P\u00fablica (SEP), Delfina G\u00f3mez \u00c1lvarez, declar\u00f3 que el Gobierno de la 4ta Transformaci\u00f3n, tom\u00f3 la decisi\u00f3n de eliminar este programa escolar dirigido a instituciones en zonas de alta y muy alta marginaci\u00f3n en el pa\u00eds y tambi\u00e9n en Guerrero, borrando del mapa, este esquema que brindaban apoyo pedag\u00f3gico y nutricional a millones de ni\u00f1as, ni\u00f1os y adolescentes.<\/p>\n\n\n\n<p>En esto contexto, Rafael Navarrete Quezada, consider\u00f3 que es un retroceso para el pa\u00eds la eliminaci\u00f3n de programas tan nobles y de gran impacto social como el de Escuelas de Tiempo Completo por lo que manifest\u00f3 su rechazo a esta decisi\u00f3n Federal y que se sustituya por otro programa que no tiene el mismo alcance y beneficio para las ni\u00f1as y ni\u00f1os, as\u00ed como madres de familias.<\/p>\n\n\n\n<p>\u00abDesde el Congreso del Estado de Guerrero, como guerrerense rechazo que se haya eliminado el Programa de Escuelas de Tiempo Completo y que sea sustituido por otro programa que no tiene el mismo alcance y beneficio. #ElPuebloManda\u00bb, apunt\u00f3 Rafael Navarrete Quezada.<\/p>\n\n\n\n<p>Entre los beneficios del Programa de Escuelas de Tiempo Completo eliminado por el Gobierno de Andr\u00e9s Manuel L\u00f3pez Obrador, es el horario adicional al horario escolar que permit\u00eda margen laboral a madres jefas de familia, adem\u00e1s, se brindaba el primer alimento a los menores beneficiando de forma anual a 3.9 millones de ni\u00f1os y ni\u00f1as de 25 mil escuelas en el pa\u00eds, mientras que en Guerrero se beneficiaban a 144 mil ni\u00f1as y ni\u00f1os de mil 354 escuelas incorporadas al programa de cuerdo con la SEG.<\/p>\n","protected":false},"excerpt":{"rendered":"<p>&#8211; Rechaza RNQ la decisi\u00f3n anunciada por la titular de la SEP del Gobierno de la 4ta Transformaci\u00f3n&#8211; Casi 4 millones de ni\u00f1as y ni\u00f1os son afectados en el pa\u00eds&hellip; <\/p>\n","protected":false},"author":19,"featured_media":42243,"comment_status":"open","ping_status":"open","sticky":false,"template":"","format":"standard","meta":{"fifu_image_url":"","fifu_image_alt":"","footnotes":""},"categories":[2],"tags":[75,236,237],"class_list":["post-42242","post","type-post","status-publish","format-standard","has-post-thumbnail","hentry","category-congreso","tag-congreso-local","tag-rafael-navarrete-quezada","tag-sep"],"_links":{"self":[{"href":"https:\/\/www.interaccionnoticias.com.mx\/index.php?rest_route=\/wp\/v2\/posts\/42242","targetHints":{"allow":["GET"]}}],"collection":[{"href":"https:\/\/www.interaccionnoticias.com.mx\/index.php?rest_route=\/wp\/v2\/posts"}],"about":[{"href":"https:\/\/www.interaccionnoticias.com.mx\/index.php?rest_route=\/wp\/v2\/types\/post"}],"author":[{"embeddable":true,"href":"https:\/\/www.interaccionnoticias.com.mx\/index.php?rest_route=\/wp\/v2\/users\/19"}],"replies":[{"embeddable":true,"href":"https:\/\/www.interaccionnoticias.com.mx\/index.php?rest_route=%2Fwp%2Fv2%2Fcomments&post=42242"}],"version-history":[{"count":1,"href":"https:\/\/www.interaccionnoticias.com.mx\/index.php?rest_route=\/wp\/v2\/posts\/42242\/revisions"}],"predecessor-version":[{"id":42244,"href":"https:\/\/www.interaccionnoticias.com.mx\/index.php?rest_route=\/wp\/v2\/posts\/42242\/revisions\/42244"}],"wp:featuredmedia":[{"embeddable":true,"href":"https:\/\/www.interaccionnoticias.com.mx\/index.php?rest_route=\/wp\/v2\/media\/42243"}],"wp:attachment":[{"href":"https:\/\/www.interaccionnoticias.com.mx\/index.php?rest_route=%2Fwp%2Fv2%2Fmedia&parent=42242"}],"wp:term":[{"taxonomy":"category","embeddable":true,"href":"https:\/\/www.interaccionnoticias.com.mx\/index.php?rest_route=%2Fwp%2Fv2%2Fcategories&post=42242"},{"taxonomy":"post_tag","embeddable":true,"href":"https:\/\/www.interaccionnoticias.com.mx\/index.php?rest_route=%2Fwp%2Fv2%2Ftags&post=42242"}],"curies":[{"name":"wp","href":"https:\/\/api.w.org\/{rel}","templated":true}]}}