{"id":42231,"date":"2022-03-02T16:36:18","date_gmt":"2022-03-02T22:36:18","guid":{"rendered":"https:\/\/interaccionnoticias.com.mx\/?p=42231"},"modified":"2022-03-02T16:36:23","modified_gmt":"2022-03-02T22:36:23","slug":"rechazan-espionaje-politico-en-el-congreso-de-guerrero","status":"publish","type":"post","link":"https:\/\/www.interaccionnoticias.com.mx\/?p=42231","title":{"rendered":"Rechazan espionaje pol\u00edtico en el Congreso de Guerrero"},"content":{"rendered":"\n<p><strong><em>&#8212; \u201cEl le\u00f3n cree que todos son de su condici\u00f3n\u201c, dice el l\u00edder parlamentario de Morena<br>&#8212; \u201cTienen paranoia\u201d, le dice a sus hom\u00f3logos del PRI<\/em><\/strong><\/p>\n\n\n\n<p><strong>Rogelio Agust\u00edn<\/strong><\/p>\n\n\n\n<p>El presidente de la Junta de Coordinaci\u00f3n Pol\u00edtica (Jucopo), Alfredo S\u00e1nchez Esquivel rechaz\u00f3 que haya espionaje al seno del Congreso local, como lo denunci\u00f3 la fracci\u00f3n parlamentaria del PRI.<\/p>\n\n\n\n<p>La jornada del martes 1 de marzo, los diputados del PRI denunciaron que de manera indebida, sin consulta previa, el presidente de la Jucopo orden\u00f3 la instalci\u00f3n de c\u00e1maras de video, as\u00ed como de micr\u00f3fonos en puntos estrat\u00e9gicos del edificio, incluso, se ten\u00eda la sospecha de que dentro de las oficinas de los representantes populares.<\/p>\n\n\n\n<p>Dicha acci\u00f3n, de acuerdo con el coordinador del tricolor, H\u00e9ctor Apreza Patr\u00f3n, constituye una violaci\u00f3n a la privacidad, tanto de diputados como de trabajadores y visitantes.<\/p>\n\n\n\n<p>El mi\u00e9rcoles 2 de marzo, el presidente de la Jucopo neg\u00f3 que haya un exceso de c\u00e1maras, asegur\u00f3 que solamente se repusieron las que ya estaban y que han sido da\u00f1adas por diferentes grupos de manifestantes a lo largo de los a\u00f1os y sostuvo que en todo caso, lo que se percibe es una expresi\u00f3n de \u201cparanoia\u201d en la bancada denunciante.<\/p>\n\n\n\n<p>\u201cMe llama la atenci\u00f3n la situaci\u00f3n de paranoia que se percibe\u201d, dijo S\u00e1nchez Esquivel al ser cuestionado sobre dicho asunto, para luego manifestar que no comparte las acusaciones.<\/p>\n\n\n\n<p>Precis\u00f3 que antes de que Morena llegara como partido pol\u00edtico a tener presencia en el Congreso, ya exist\u00eda en el Congreso un sistema de seguridad y vigilancia.<\/p>\n\n\n\n<p>\u201cYa estaban aqu\u00ed las c\u00e1maras, en diferentes momentos se han ido deteriorando, algunas se han visto afectadas por diferentes grupos sociales, lo que hicimos fue reponer c\u00e1maras\u201d.<\/p>\n\n\n\n<p>Aunque no tuvo a la mano el dato de cuantas c\u00e1maras se colocaron, precis\u00f3 que ninguna tiene la posibilidad de captar audio, de tal suerte que no se puede conocer lo que platiquen las personas que lleguen a estar en el foco de dichos aparatos.<\/p>\n\n\n\n<p>El tambi\u00e9n coordinador de la bancada de Morena, dijo que \u201cen el primer minuto del d\u00eda lunes (28 de febrero) a todos los coordinadores parlamentarios se les entreg\u00f3 un oficio, en el que se les hace del conocimiento la ubicaci\u00f3n de cada una de las c\u00e1maras; d\u00f3nde est\u00e1n ubicadas y cuantas son, de tal manera que si era necesario se har\u00edan los ajustes correspondientes\u201d.<\/p>\n\n\n\n<p>Incluso, mencion\u00f3 que m\u00e1s de un diputado solicit\u00f3 que se modificara el \u00e1ngulo visual de las c\u00e1maras, lo que se llev\u00f3 a cabo sin complicaciones.<\/p>\n\n\n\n<p>Para la ma\u00f1ana del mi\u00e9rcoles 2 de marzo, dijo que se entreg\u00f3 un oficio m\u00e1s, en el que se reitera que las c\u00e1maras no cuentan con ning\u00fan tipo de elemento que permita captar audios.<\/p>\n\n\n\n<p>En todo caso, dijo que las c\u00e1maras han estado grabando desde hace mucho tiempo y su operaci\u00f3n no es reciente, de tal suerte que \u201csi laguien hizo una travesura pues ya qued\u00f3 captado\u201d.<\/p>\n\n\n\n<p>Agreg\u00f3: \u201cPara aquellos que piensan que los estamos espiando, pues el le\u00f3n cree que todos son de su condici\u00f3n y no; no somos de su condici\u00f3n y no ganamos nada con hacerlo\u201d.<\/p>\n","protected":false},"excerpt":{"rendered":"<p>&#8212; \u201cEl le\u00f3n cree que todos son de su condici\u00f3n\u201c, dice el l\u00edder parlamentario de Morena&#8212; \u201cTienen paranoia\u201d, le dice a sus hom\u00f3logos del PRI Rogelio Agust\u00edn El presidente de&hellip; <\/p>\n","protected":false},"author":21,"featured_media":42232,"comment_status":"open","ping_status":"open","sticky":false,"template":"","format":"standard","meta":{"fifu_image_url":"","fifu_image_alt":"","footnotes":""},"categories":[2],"tags":[],"class_list":["post-42231","post","type-post","status-publish","format-standard","has-post-thumbnail","hentry","category-congreso"],"_links":{"self":[{"href":"https:\/\/www.interaccionnoticias.com.mx\/index.php?rest_route=\/wp\/v2\/posts\/42231","targetHints":{"allow":["GET"]}}],"collection":[{"href":"https:\/\/www.interaccionnoticias.com.mx\/index.php?rest_route=\/wp\/v2\/posts"}],"about":[{"href":"https:\/\/www.interaccionnoticias.com.mx\/index.php?rest_route=\/wp\/v2\/types\/post"}],"author":[{"embeddable":true,"href":"https:\/\/www.interaccionnoticias.com.mx\/index.php?rest_route=\/wp\/v2\/users\/21"}],"replies":[{"embeddable":true,"href":"https:\/\/www.interaccionnoticias.com.mx\/index.php?rest_route=%2Fwp%2Fv2%2Fcomments&post=42231"}],"version-history":[{"count":1,"href":"https:\/\/www.interaccionnoticias.com.mx\/index.php?rest_route=\/wp\/v2\/posts\/42231\/revisions"}],"predecessor-version":[{"id":42233,"href":"https:\/\/www.interaccionnoticias.com.mx\/index.php?rest_route=\/wp\/v2\/posts\/42231\/revisions\/42233"}],"wp:featuredmedia":[{"embeddable":true,"href":"https:\/\/www.interaccionnoticias.com.mx\/index.php?rest_route=\/wp\/v2\/media\/42232"}],"wp:attachment":[{"href":"https:\/\/www.interaccionnoticias.com.mx\/index.php?rest_route=%2Fwp%2Fv2%2Fmedia&parent=42231"}],"wp:term":[{"taxonomy":"category","embeddable":true,"href":"https:\/\/www.interaccionnoticias.com.mx\/index.php?rest_route=%2Fwp%2Fv2%2Fcategories&post=42231"},{"taxonomy":"post_tag","embeddable":true,"href":"https:\/\/www.interaccionnoticias.com.mx\/index.php?rest_route=%2Fwp%2Fv2%2Ftags&post=42231"}],"curies":[{"name":"wp","href":"https:\/\/api.w.org\/{rel}","templated":true}]}}