{"id":42208,"date":"2022-03-02T12:01:11","date_gmt":"2022-03-02T18:01:11","guid":{"rendered":"https:\/\/interaccionnoticias.com.mx\/?p=42208"},"modified":"2022-03-02T12:01:15","modified_gmt":"2022-03-02T18:01:15","slug":"burocratas-marchan-sobre-la-autopista-del-sol","status":"publish","type":"post","link":"https:\/\/www.interaccionnoticias.com.mx\/?p=42208","title":{"rendered":"Bur\u00f3cratas marchan sobre la Autopista del Sol"},"content":{"rendered":"\n<p><strong><em>-\/ Caminan hacia Palacio de Gobierno para exigir mesa de di\u00e1logo<\/em><\/strong>\u00a0<\/p>\n\n\n\n<p><strong>Jes\u00fas Dorantes<\/strong><\/p>\n\n\n\n<p><strong>Chilpancingo , Gro .-<\/strong> Integrantes del Sindicato \u00danico de Servidores P\u00fablicos del Estado de Guerrero (SUSPEG), provenientes de las siete regiones del estado, iniciaron una marcha en la entrada sur de la capital con direcci\u00f3n hacia el Palacio de Gobierno, donde solicitar\u00e1n una audiencia con la gobernadora Evelyn Salgado Pineda.<\/p>\n\n\n\n<p>Pasadas las 11:00 horas del mi\u00e9rcoles 2 de marzo, m\u00e1s de mil trabajadores partieron en marcha desde el punto conocido como El Parador de Marqu\u00e9s, hacia el norte de la capital, avanzando sobre los carriles Sur &#8211; Norte de la Autopista del Sol.<\/p>\n\n\n\n<p>Dentro de su pliego petitorio, los integrantes del SUSPEG solicitan el pago de est\u00edmulos de permanencia al ISSSPEG, homologaci\u00f3n salarial, reactivaci\u00f3n de plazas docentes estatales y basificaci\u00f3n de internos, adem\u00e1s del pago de deudas de seguros de vida y la regularizaci\u00f3n del magisterio estatal.<\/p>\n\n\n\n<p>Adem\u00e1s piden la revisi\u00f3n inmediata del pleito petitorio de la burocracia central, servicios m\u00e9dicos, seguro social, bases y recategorizaciones, entre otras demandas.<\/p>\n\n\n\n<p>La marcha tiene como destino el Recinto Oficial del Poder Ejecutivo local, donde espera que se les atienda.<\/p>\n","protected":false},"excerpt":{"rendered":"<p>-\/ Caminan hacia Palacio de Gobierno para exigir mesa de di\u00e1logo\u00a0 Jes\u00fas Dorantes Chilpancingo , Gro .- Integrantes del Sindicato \u00danico de Servidores P\u00fablicos del Estado de Guerrero (SUSPEG), provenientes&hellip; <\/p>\n","protected":false},"author":8,"featured_media":42209,"comment_status":"open","ping_status":"open","sticky":false,"template":"","format":"standard","meta":{"fifu_image_url":"","fifu_image_alt":"","footnotes":""},"categories":[11],"tags":[],"class_list":["post-42208","post","type-post","status-publish","format-standard","has-post-thumbnail","hentry","category-guerrero"],"_links":{"self":[{"href":"https:\/\/www.interaccionnoticias.com.mx\/index.php?rest_route=\/wp\/v2\/posts\/42208","targetHints":{"allow":["GET"]}}],"collection":[{"href":"https:\/\/www.interaccionnoticias.com.mx\/index.php?rest_route=\/wp\/v2\/posts"}],"about":[{"href":"https:\/\/www.interaccionnoticias.com.mx\/index.php?rest_route=\/wp\/v2\/types\/post"}],"author":[{"embeddable":true,"href":"https:\/\/www.interaccionnoticias.com.mx\/index.php?rest_route=\/wp\/v2\/users\/8"}],"replies":[{"embeddable":true,"href":"https:\/\/www.interaccionnoticias.com.mx\/index.php?rest_route=%2Fwp%2Fv2%2Fcomments&post=42208"}],"version-history":[{"count":1,"href":"https:\/\/www.interaccionnoticias.com.mx\/index.php?rest_route=\/wp\/v2\/posts\/42208\/revisions"}],"predecessor-version":[{"id":42210,"href":"https:\/\/www.interaccionnoticias.com.mx\/index.php?rest_route=\/wp\/v2\/posts\/42208\/revisions\/42210"}],"wp:featuredmedia":[{"embeddable":true,"href":"https:\/\/www.interaccionnoticias.com.mx\/index.php?rest_route=\/wp\/v2\/media\/42209"}],"wp:attachment":[{"href":"https:\/\/www.interaccionnoticias.com.mx\/index.php?rest_route=%2Fwp%2Fv2%2Fmedia&parent=42208"}],"wp:term":[{"taxonomy":"category","embeddable":true,"href":"https:\/\/www.interaccionnoticias.com.mx\/index.php?rest_route=%2Fwp%2Fv2%2Fcategories&post=42208"},{"taxonomy":"post_tag","embeddable":true,"href":"https:\/\/www.interaccionnoticias.com.mx\/index.php?rest_route=%2Fwp%2Fv2%2Ftags&post=42208"}],"curies":[{"name":"wp","href":"https:\/\/api.w.org\/{rel}","templated":true}]}}