{"id":42206,"date":"2022-03-02T09:50:04","date_gmt":"2022-03-02T15:50:04","guid":{"rendered":"https:\/\/interaccionnoticias.com.mx\/?p=42206"},"modified":"2022-03-02T09:50:09","modified_gmt":"2022-03-02T15:50:09","slug":"en-una-primer-votacion-la-propuesta-de-la-fiscal-sandra-luz-valdovinos-para-la-fedegro-tampoco-fue-aprobada-por-el-congreso","status":"publish","type":"post","link":"https:\/\/www.interaccionnoticias.com.mx\/?p=42206","title":{"rendered":"En una primer votaci\u00f3n, la propuesta de la Fiscal Sandra Luz Valdovinos para la Fedegro tampoco fue aprobada por el Congreso"},"content":{"rendered":"\n<p><strong><em>&#8212; Se par\u00f3 el reloj legislativo para analizar la propuesta<\/em><\/strong><\/p>\n\n\n\n<p><strong>Rosario Garc\u00eda Orozco<\/strong><\/p>\n\n\n\n<p><strong>Chilpancingo, Gro., 2 de marzo del 2022.-<\/strong> El pleno del Congreso Local, no aprob\u00f3 en su primer votaci\u00f3n la propuesta que hizo llegar la fiscal General del estado, Sandra Luz Valdovinos Salmer\u00f3n, tras declarar un receso para que los coordinadores de las fracciones parlamentarias se pongan de acuerdo, se par\u00f3 el reloj legislativo para continuar con ese proceso en otro momento.<\/p>\n\n\n\n<p>La fiscal General envi\u00f3 la propuesta de Miguel Alejandro Guizado S\u00e1nchez para ocupar el cargo de Fiscal Especializado en Delitos Electorales, misma que no fue aprobada por las 2 terceras partes de los legisladores, como lo pide el art\u00edculo 105 de la Ley Org\u00e1nica del Congreso Local.<\/p>\n\n\n\n<p>La votaci\u00f3n que alcanz\u00f3 esa propuesta fue de 28 votos a favor y 12 en contra. Por esa raz\u00f3n fue necesario un receso para que los legisladores concensaran entre sus fracciones.<\/p>\n\n\n\n<p>Luego de que se declar\u00f3 ese receso, se regres\u00f3 a la sala de sesiones, donde despu\u00e9s de pasar lista y s\u00f3lo encontrarse presentes 29 diputados, se imform\u00f3 que fue parado el reloj legislativo para continuar con ese proceso en otro momento.<\/p>\n\n\n\n<p>Antes, en la misma sesi\u00f3n, que se extendi\u00f3 hasta los primeros minutos de este miercoles, fue rechazada la propuesta de la fiscal, en torno al nombramiento de Marlene G\u00f3mez Camero, de formaci\u00f3n milirtar, como fiscal Especializada en Delitos Sexuales y Violencia Intrafamiliar, por lo que la titular de esa dependencia deber\u00e1 presentar una nueva propuesta.<\/p>\n","protected":false},"excerpt":{"rendered":"<p>&#8212; Se par\u00f3 el reloj legislativo para analizar la propuesta Rosario Garc\u00eda Orozco Chilpancingo, Gro., 2 de marzo del 2022.- El pleno del Congreso Local, no aprob\u00f3 en su primer&hellip; <\/p>\n","protected":false},"author":14,"featured_media":42199,"comment_status":"open","ping_status":"open","sticky":false,"template":"","format":"standard","meta":{"fifu_image_url":"","fifu_image_alt":"","footnotes":""},"categories":[2],"tags":[],"class_list":["post-42206","post","type-post","status-publish","format-standard","has-post-thumbnail","hentry","category-congreso"],"_links":{"self":[{"href":"https:\/\/www.interaccionnoticias.com.mx\/index.php?rest_route=\/wp\/v2\/posts\/42206","targetHints":{"allow":["GET"]}}],"collection":[{"href":"https:\/\/www.interaccionnoticias.com.mx\/index.php?rest_route=\/wp\/v2\/posts"}],"about":[{"href":"https:\/\/www.interaccionnoticias.com.mx\/index.php?rest_route=\/wp\/v2\/types\/post"}],"author":[{"embeddable":true,"href":"https:\/\/www.interaccionnoticias.com.mx\/index.php?rest_route=\/wp\/v2\/users\/14"}],"replies":[{"embeddable":true,"href":"https:\/\/www.interaccionnoticias.com.mx\/index.php?rest_route=%2Fwp%2Fv2%2Fcomments&post=42206"}],"version-history":[{"count":1,"href":"https:\/\/www.interaccionnoticias.com.mx\/index.php?rest_route=\/wp\/v2\/posts\/42206\/revisions"}],"predecessor-version":[{"id":42207,"href":"https:\/\/www.interaccionnoticias.com.mx\/index.php?rest_route=\/wp\/v2\/posts\/42206\/revisions\/42207"}],"wp:featuredmedia":[{"embeddable":true,"href":"https:\/\/www.interaccionnoticias.com.mx\/index.php?rest_route=\/wp\/v2\/media\/42199"}],"wp:attachment":[{"href":"https:\/\/www.interaccionnoticias.com.mx\/index.php?rest_route=%2Fwp%2Fv2%2Fmedia&parent=42206"}],"wp:term":[{"taxonomy":"category","embeddable":true,"href":"https:\/\/www.interaccionnoticias.com.mx\/index.php?rest_route=%2Fwp%2Fv2%2Fcategories&post=42206"},{"taxonomy":"post_tag","embeddable":true,"href":"https:\/\/www.interaccionnoticias.com.mx\/index.php?rest_route=%2Fwp%2Fv2%2Ftags&post=42206"}],"curies":[{"name":"wp","href":"https:\/\/api.w.org\/{rel}","templated":true}]}}