{"id":42172,"date":"2022-03-01T20:24:06","date_gmt":"2022-03-02T02:24:06","guid":{"rendered":"https:\/\/interaccionnoticias.com.mx\/?p=42172"},"modified":"2022-03-01T20:24:11","modified_gmt":"2022-03-02T02:24:11","slug":"encabeza-evelyn-salgado-reunion-de-trabajo-con-16-presidentas-y-presidentes-municipales-de-la-region-norte","status":"publish","type":"post","link":"https:\/\/www.interaccionnoticias.com.mx\/?p=42172","title":{"rendered":"Encabeza Evelyn Salgado reuni\u00f3n de trabajo con 16 presidentas y presidentes municipales de la regi\u00f3n Norte"},"content":{"rendered":"\n<p><strong><em>&#8211; \u00abLa zona Norte est\u00e1 en mi coraz\u00f3n siempre y tiene todo el apoyo del gobierno estatal\u00bb: Gobernadora<br>&#8211; Guerrero cuenta con todo el apoyo del Gobierno de M\u00e9xico y el DIF Nacional: Liz Salgado<\/em><\/strong><\/p>\n\n\n\n<p>Chilpancingo, Gro., 01 de marzo del 2022.- La gobernadora Evelyn Salgado Pineda, junto con la Presidenta del Sistema DIF Estatal, Liz Salgado Pineda, sostuvieron una reuni\u00f3n de trabajo con presidentas y presidentes de los 16 municipios que conforman la regi\u00f3n Norte del Estado, donde refrendaron su disposici\u00f3n de trabajar en equipo sin distinci\u00f3n alguna para detonar el potencial de desarrollo e impulsar el bienestar de esta zona de la entidad.<\/p>\n\n\n\n<p>\u00abSepan que estamos en la mejor disposici\u00f3n, no perdamos esa comunicaci\u00f3n de di\u00e1logo abierto por parte de su amiga la gobernadora que es su aliada y va a trabajar de la mano con cada uno de ustedes, se trata de trabajar en beneficio de sus pueblos, para los hospitales, los caminos, las escuelas, nosotros estamos en la mejor disposici\u00f3n. La regi\u00f3n Norte est\u00e1 en mi coraz\u00f3n siempre y tiene todo el apoyo del gobierno estatal\u00bb, puntualiz\u00f3 la gobernadora.<\/p>\n\n\n\n<p>Reunidos en Casa Guerrero, Evelyn Salgado, acompa\u00f1ada por el secretario general de Gobierno, Ludwig Marcial Reynoso, destac\u00f3 que la zona Norte de Guerrero tiene mucho crecimiento y se detonan muchas industrias como la agricultura, ganader\u00eda, el turismo, as\u00ed como la historia, la gastronom\u00eda y cultura.<\/p>\n\n\n\n<p>Adem\u00e1s, manifest\u00f3 a las y los alcaldes que en su gobierno no hay distinci\u00f3n alguna, ni de colores partidistas ni de ideolog\u00edas, ni de ning\u00fan tipo, \u00abaqu\u00ed todas y todos somos iguales y vamos a trabajar de la mano\u00bb, y reiter\u00f3, \u00abjuntas y juntos vamos a portar nuestro granito de arena para la transformaci\u00f3n de sus municipios y de nuestro estado\u00bb.<\/p>\n\n\n\n<p>En la reuni\u00f3n de trabajo, Evelyn Salgado conoci\u00f3 los planteamientos de cada una de las y los presidentes municipales de Iguala, Taxco, Huitzuco, Cocula, Tepecoacuilco, Apaxtla, Atenango del R\u00edo, Copalillo, Buenavista de Cuellar, Cuetzala del Progreso, General Canuto A. Neri, Ixcateopan, Ixcapuzalco, Pilcaya, Teloloapan y Tetipac, que integran la regi\u00f3n Norte.<\/p>\n\n\n\n<p>Por su parte, Ludwig Marcial Reynoso, refrend\u00f3 su compromiso con las y los alcaldes a trav\u00e9s de la Secretar\u00eda General de Gobierno, para tratar temas no solo de gesti\u00f3n, sino tambi\u00e9n de gobernabilidad y seguridad p\u00fablica, que son atendidos desde la Mesa de Coordinaci\u00f3n para la Construcci\u00f3n de la Paz, en una comunicaci\u00f3n permanente para disuadir el tema de la delincuencia.<\/p>\n\n\n\n<p>\u00abNuestra mejor disposici\u00f3n para trabajar de la mano en los temas que tiene que ver con la Secretar\u00eda General de Gobierno, estamos a sus \u00f3rdenes para canalizar sus demandas y los temas de conflictos sociales y pol\u00edticos que consideren que podemos ayudarlos, con mucho gusto lo vamos a hacer\u00bb,<\/p>\n\n\n\n<p>Adem\u00e1s, la Presidenta del Sistema Estatal DIF, Liz Salgado Pineda, se\u00f1al\u00f3 que la indicaci\u00f3n de la gobernadora Evelyn Salgado es brindar atenci\u00f3n a todos los municipios, por lo que se visitar\u00e1 municipio por municipio para realizar las entregas de apoyos necesarios.<\/p>\n\n\n\n<p>Adem\u00e1s, mencion\u00f3 que Guerrero cuenta con cinco centros de rehabilitaci\u00f3n (CRIG) de los cuales solo est\u00e1 operando el de Chilpancingo, precis\u00f3 que a casi cinco meses de esta nueva administraci\u00f3n se trabaja para equipar este inmueble y que pueda ser un ejemplo para las dem\u00e1s unidades de rehabilitaci\u00f3n con el apoyo del DIF Nacional, mientras que Taxco y Zihuatanejo son inmuebles que solo se inauguraron en su momento.<\/p>\n\n\n\n<p>\u00abTenemos todo el apoyo del Gobierno Federal y tambi\u00e9n por parte del DIF Nacional, por lo que se apoyar\u00e1n las unidades b\u00e1sicas de rehabilitaci\u00f3n, de las cuales siete se encuentran en la zona Norte, en Buenavista de Cuellar, Huitzuco, Iguala, Taxco, Teloloapan, Tepecoacuilco y Tetipac, en los cuales el DIF Nacional va a abastecer de suministros y aparatos de rehabilitaci\u00f3n\u00bb, puntualiz\u00f3 Liz Salgado Pineda.<\/p>\n\n\n\n<div class=\"wp-block-jetpack-slideshow aligncenter\" data-effect=\"slide\"><div class=\"wp-block-jetpack-slideshow_container swiper-container\"><ul class=\"wp-block-jetpack-slideshow_swiper-wrapper swiper-wrapper\"><li class=\"wp-block-jetpack-slideshow_slide swiper-slide\"><figure><img decoding=\"async\" src=\"data:image\/gif;base64,R0lGODlhAQABAIAAAAAAAP\/\/\/ywAAAAAAQABAAACAUwAOw==\" fifu-lazy=\"1\" fifu-data-sizes=\"auto\" fifu-data-srcset=\"https:\/\/i0.wp.com\/interaccionnoticias.com.mx\/wp-content\/uploads\/2022\/03\/220301-Evelyn-Salgado-Pineda-2-1-1024x683.jpeg?ssl=1&w=75&resize=75&ssl=1 75w, https:\/\/i0.wp.com\/interaccionnoticias.com.mx\/wp-content\/uploads\/2022\/03\/220301-Evelyn-Salgado-Pineda-2-1-1024x683.jpeg?ssl=1&w=100&resize=100&ssl=1 100w, https:\/\/i0.wp.com\/interaccionnoticias.com.mx\/wp-content\/uploads\/2022\/03\/220301-Evelyn-Salgado-Pineda-2-1-1024x683.jpeg?ssl=1&w=150&resize=150&ssl=1 150w, https:\/\/i0.wp.com\/interaccionnoticias.com.mx\/wp-content\/uploads\/2022\/03\/220301-Evelyn-Salgado-Pineda-2-1-1024x683.jpeg?ssl=1&w=240&resize=240&ssl=1 240w, https:\/\/i0.wp.com\/interaccionnoticias.com.mx\/wp-content\/uploads\/2022\/03\/220301-Evelyn-Salgado-Pineda-2-1-1024x683.jpeg?ssl=1&w=320&resize=320&ssl=1 320w, https:\/\/i0.wp.com\/interaccionnoticias.com.mx\/wp-content\/uploads\/2022\/03\/220301-Evelyn-Salgado-Pineda-2-1-1024x683.jpeg?ssl=1&w=500&resize=500&ssl=1 500w, https:\/\/i0.wp.com\/interaccionnoticias.com.mx\/wp-content\/uploads\/2022\/03\/220301-Evelyn-Salgado-Pineda-2-1-1024x683.jpeg?ssl=1&w=640&resize=640&ssl=1 640w, https:\/\/i0.wp.com\/interaccionnoticias.com.mx\/wp-content\/uploads\/2022\/03\/220301-Evelyn-Salgado-Pineda-2-1-1024x683.jpeg?ssl=1&w=800&resize=800&ssl=1 800w, https:\/\/i0.wp.com\/interaccionnoticias.com.mx\/wp-content\/uploads\/2022\/03\/220301-Evelyn-Salgado-Pineda-2-1-1024x683.jpeg?ssl=1&w=1024&resize=1024&ssl=1 1024w, https:\/\/i0.wp.com\/interaccionnoticias.com.mx\/wp-content\/uploads\/2022\/03\/220301-Evelyn-Salgado-Pineda-2-1-1024x683.jpeg?ssl=1&w=1280&resize=1280&ssl=1 1280w, https:\/\/i0.wp.com\/interaccionnoticias.com.mx\/wp-content\/uploads\/2022\/03\/220301-Evelyn-Salgado-Pineda-2-1-1024x683.jpeg?ssl=1&w=1600&resize=1600&ssl=1 1600w\" alt=\"\" class=\"wp-block-jetpack-slideshow_image wp-image-42174\" data-id=\"42174\" fifu-data-src=\"https:\/\/i0.wp.com\/interaccionnoticias.com.mx\/wp-content\/uploads\/2022\/03\/220301-Evelyn-Salgado-Pineda-2-1-1024x683.jpeg?ssl=1\"\/><\/figure><\/li><li class=\"wp-block-jetpack-slideshow_slide swiper-slide\"><figure><img decoding=\"async\" src=\"data:image\/gif;base64,R0lGODlhAQABAIAAAAAAAP\/\/\/ywAAAAAAQABAAACAUwAOw==\" fifu-lazy=\"1\" fifu-data-sizes=\"auto\" fifu-data-srcset=\"https:\/\/i0.wp.com\/interaccionnoticias.com.mx\/wp-content\/uploads\/2022\/03\/220301-Evelyn-Salgado-Pineda-1-1-1024x683.jpeg?ssl=1&w=75&resize=75&ssl=1 75w, https:\/\/i0.wp.com\/interaccionnoticias.com.mx\/wp-content\/uploads\/2022\/03\/220301-Evelyn-Salgado-Pineda-1-1-1024x683.jpeg?ssl=1&w=100&resize=100&ssl=1 100w, https:\/\/i0.wp.com\/interaccionnoticias.com.mx\/wp-content\/uploads\/2022\/03\/220301-Evelyn-Salgado-Pineda-1-1-1024x683.jpeg?ssl=1&w=150&resize=150&ssl=1 150w, https:\/\/i0.wp.com\/interaccionnoticias.com.mx\/wp-content\/uploads\/2022\/03\/220301-Evelyn-Salgado-Pineda-1-1-1024x683.jpeg?ssl=1&w=240&resize=240&ssl=1 240w, https:\/\/i0.wp.com\/interaccionnoticias.com.mx\/wp-content\/uploads\/2022\/03\/220301-Evelyn-Salgado-Pineda-1-1-1024x683.jpeg?ssl=1&w=320&resize=320&ssl=1 320w, https:\/\/i0.wp.com\/interaccionnoticias.com.mx\/wp-content\/uploads\/2022\/03\/220301-Evelyn-Salgado-Pineda-1-1-1024x683.jpeg?ssl=1&w=500&resize=500&ssl=1 500w, https:\/\/i0.wp.com\/interaccionnoticias.com.mx\/wp-content\/uploads\/2022\/03\/220301-Evelyn-Salgado-Pineda-1-1-1024x683.jpeg?ssl=1&w=640&resize=640&ssl=1 640w, https:\/\/i0.wp.com\/interaccionnoticias.com.mx\/wp-content\/uploads\/2022\/03\/220301-Evelyn-Salgado-Pineda-1-1-1024x683.jpeg?ssl=1&w=800&resize=800&ssl=1 800w, https:\/\/i0.wp.com\/interaccionnoticias.com.mx\/wp-content\/uploads\/2022\/03\/220301-Evelyn-Salgado-Pineda-1-1-1024x683.jpeg?ssl=1&w=1024&resize=1024&ssl=1 1024w, https:\/\/i0.wp.com\/interaccionnoticias.com.mx\/wp-content\/uploads\/2022\/03\/220301-Evelyn-Salgado-Pineda-1-1-1024x683.jpeg?ssl=1&w=1280&resize=1280&ssl=1 1280w, https:\/\/i0.wp.com\/interaccionnoticias.com.mx\/wp-content\/uploads\/2022\/03\/220301-Evelyn-Salgado-Pineda-1-1-1024x683.jpeg?ssl=1&w=1600&resize=1600&ssl=1 1600w\" alt=\"\" class=\"wp-block-jetpack-slideshow_image wp-image-42173\" data-id=\"42173\" fifu-data-src=\"https:\/\/i0.wp.com\/interaccionnoticias.com.mx\/wp-content\/uploads\/2022\/03\/220301-Evelyn-Salgado-Pineda-1-1-1024x683.jpeg?ssl=1\"\/><\/figure><\/li><\/ul><a class=\"wp-block-jetpack-slideshow_button-prev swiper-button-prev swiper-button-white\" role=\"button\"><\/a><a class=\"wp-block-jetpack-slideshow_button-next swiper-button-next swiper-button-white\" role=\"button\"><\/a><a aria-label=\"Pause Slideshow\" class=\"wp-block-jetpack-slideshow_button-pause\" role=\"button\"><\/a><div class=\"wp-block-jetpack-slideshow_pagination swiper-pagination swiper-pagination-white\"><\/div><\/div><\/div>\n","protected":false},"excerpt":{"rendered":"<p>&#8211; \u00abLa zona Norte est\u00e1 en mi coraz\u00f3n siempre y tiene todo el apoyo del gobierno estatal\u00bb: Gobernadora&#8211; Guerrero cuenta con todo el apoyo del Gobierno de M\u00e9xico y el&hellip; <\/p>\n","protected":false},"author":19,"featured_media":42173,"comment_status":"open","ping_status":"open","sticky":false,"template":"","format":"standard","meta":{"fifu_image_url":"","fifu_image_alt":"","footnotes":""},"categories":[11],"tags":[],"class_list":["post-42172","post","type-post","status-publish","format-standard","has-post-thumbnail","hentry","category-guerrero"],"_links":{"self":[{"href":"https:\/\/www.interaccionnoticias.com.mx\/index.php?rest_route=\/wp\/v2\/posts\/42172","targetHints":{"allow":["GET"]}}],"collection":[{"href":"https:\/\/www.interaccionnoticias.com.mx\/index.php?rest_route=\/wp\/v2\/posts"}],"about":[{"href":"https:\/\/www.interaccionnoticias.com.mx\/index.php?rest_route=\/wp\/v2\/types\/post"}],"author":[{"embeddable":true,"href":"https:\/\/www.interaccionnoticias.com.mx\/index.php?rest_route=\/wp\/v2\/users\/19"}],"replies":[{"embeddable":true,"href":"https:\/\/www.interaccionnoticias.com.mx\/index.php?rest_route=%2Fwp%2Fv2%2Fcomments&post=42172"}],"version-history":[{"count":1,"href":"https:\/\/www.interaccionnoticias.com.mx\/index.php?rest_route=\/wp\/v2\/posts\/42172\/revisions"}],"predecessor-version":[{"id":42175,"href":"https:\/\/www.interaccionnoticias.com.mx\/index.php?rest_route=\/wp\/v2\/posts\/42172\/revisions\/42175"}],"wp:featuredmedia":[{"embeddable":true,"href":"https:\/\/www.interaccionnoticias.com.mx\/index.php?rest_route=\/wp\/v2\/media\/42173"}],"wp:attachment":[{"href":"https:\/\/www.interaccionnoticias.com.mx\/index.php?rest_route=%2Fwp%2Fv2%2Fmedia&parent=42172"}],"wp:term":[{"taxonomy":"category","embeddable":true,"href":"https:\/\/www.interaccionnoticias.com.mx\/index.php?rest_route=%2Fwp%2Fv2%2Fcategories&post=42172"},{"taxonomy":"post_tag","embeddable":true,"href":"https:\/\/www.interaccionnoticias.com.mx\/index.php?rest_route=%2Fwp%2Fv2%2Ftags&post=42172"}],"curies":[{"name":"wp","href":"https:\/\/api.w.org\/{rel}","templated":true}]}}