{"id":42101,"date":"2022-02-28T18:26:31","date_gmt":"2022-03-01T00:26:31","guid":{"rendered":"https:\/\/interaccionnoticias.com.mx\/?p=42101"},"modified":"2022-02-28T18:26:36","modified_gmt":"2022-03-01T00:26:36","slug":"si-podrian-llevarse-a-cabo-los-festejos-de-semana-santa-en-taxco-anticipa-la-gobernadora-evelyn-salgado","status":"publish","type":"post","link":"https:\/\/www.interaccionnoticias.com.mx\/?p=42101","title":{"rendered":"S\u00ed podr\u00edan llevarse a cabo los festejos de Semana Santa en Taxco, anticipa la gobernadora Evelyn Salgado"},"content":{"rendered":"\n<p><strong><em>&#8211; Aclara que todo depende de bajar los contagios de Covid-19<\/em><\/strong><\/p>\n\n\n\n<p><strong>Rosario Garc\u00eda Orozco<\/strong><\/p>\n\n\n\n<p><strong>Ixcateopan, Gro., 28 de febrero del 2022.-<\/strong> La gobernadora Evelyn Salgado Pineda reconoci\u00f3 que existe la posibilidad de que se lleve a cabo la celebraci\u00f3n de la Semana Santa en Taxco de Alarc\u00f3n, pero aclar\u00f3 que se tiene que esperar a que sesione el Consejo Estatal de Salud, \u00f3rgano que lleva el monitoreo de la Pandemia del Covid-19.<\/p>\n\n\n\n<p>La titular del Poder Ejecutivo local, manifest\u00f3 que a pesar de que se sigue en el color verde del sem\u00e1foro epidemiol\u00f3gico del Covid-19, todav\u00eda hace falta seguirse cuidando para garantizar que los contagios se mantengan a la baja.<\/p>\n\n\n\n<p>Salgado Pineda estuvo en Ixcateopan de Cuauht\u00e9moc, municipio ubicado en la Zona Norte de Guerrero, en el marco del 497 aniversario luctuoso del \u00faltimo emperador azteca.<\/p>\n\n\n\n<p>A pregunta expresa, dijo que \u201cvienen festividades muy importantes para la Regi\u00f3n Norte de la entidad\u00bb, entre ellas la Semana Santa en la colonial Taxco de Alarc\u00f3n.<\/p>\n\n\n\n<p>Indic\u00f3 que el Gobierno de Guerrero tiene la responsabilidad de apoyar a la econom\u00eda de los municipios, lo que implica reforzar la promoci\u00f3n y permanencia de las tradiciones.<\/p>\n\n\n\n<p>Por eso anot\u00f3: \u00abYo creo que las festividades s\u00ed se llevar\u00e1n a cabo, pero con el cuidado debido y aplicando todas las medidas de prevenci\u00f3n de contagios de Covid-19, pero vamos a esperar\u00bb.<\/p>\n\n\n\n<p>Hizo un llamado a las autoridades municipales y las eclesi\u00e1sticas, para que tengan paciencia y esperen a que sesione el Consejo Estatal de Salud, porque aunque la Federaci\u00f3n determin\u00f3 que Guerrero se mantiene en sem\u00e1foro epidemiol\u00f3gico color verde, las autoridades y la sociedad no deben bajar la guardia.<\/p>\n\n\n\n<p>Refiri\u00f3 que a pesar de que no se han reunido los representantes del gobierno estatal con las autoridades eclesi\u00e1sticas, para la realizaci\u00f3n de la Semana Santa, se est\u00e1 a la espera de que haya \u201cluz verde\u201d para poner en marcha toda la log\u00edstica que involucran ese tipo de celebraciones.<\/p>\n\n\n\n<p><\/p>\n","protected":false},"excerpt":{"rendered":"<p>&#8211; Aclara que todo depende de bajar los contagios de Covid-19 Rosario Garc\u00eda Orozco Ixcateopan, Gro., 28 de febrero del 2022.- La gobernadora Evelyn Salgado Pineda reconoci\u00f3 que existe la&hellip; <\/p>\n","protected":false},"author":14,"featured_media":42102,"comment_status":"open","ping_status":"open","sticky":false,"template":"","format":"standard","meta":{"fifu_image_url":"","fifu_image_alt":"","footnotes":""},"categories":[11],"tags":[],"class_list":["post-42101","post","type-post","status-publish","format-standard","has-post-thumbnail","hentry","category-guerrero"],"_links":{"self":[{"href":"https:\/\/www.interaccionnoticias.com.mx\/index.php?rest_route=\/wp\/v2\/posts\/42101","targetHints":{"allow":["GET"]}}],"collection":[{"href":"https:\/\/www.interaccionnoticias.com.mx\/index.php?rest_route=\/wp\/v2\/posts"}],"about":[{"href":"https:\/\/www.interaccionnoticias.com.mx\/index.php?rest_route=\/wp\/v2\/types\/post"}],"author":[{"embeddable":true,"href":"https:\/\/www.interaccionnoticias.com.mx\/index.php?rest_route=\/wp\/v2\/users\/14"}],"replies":[{"embeddable":true,"href":"https:\/\/www.interaccionnoticias.com.mx\/index.php?rest_route=%2Fwp%2Fv2%2Fcomments&post=42101"}],"version-history":[{"count":1,"href":"https:\/\/www.interaccionnoticias.com.mx\/index.php?rest_route=\/wp\/v2\/posts\/42101\/revisions"}],"predecessor-version":[{"id":42103,"href":"https:\/\/www.interaccionnoticias.com.mx\/index.php?rest_route=\/wp\/v2\/posts\/42101\/revisions\/42103"}],"wp:featuredmedia":[{"embeddable":true,"href":"https:\/\/www.interaccionnoticias.com.mx\/index.php?rest_route=\/wp\/v2\/media\/42102"}],"wp:attachment":[{"href":"https:\/\/www.interaccionnoticias.com.mx\/index.php?rest_route=%2Fwp%2Fv2%2Fmedia&parent=42101"}],"wp:term":[{"taxonomy":"category","embeddable":true,"href":"https:\/\/www.interaccionnoticias.com.mx\/index.php?rest_route=%2Fwp%2Fv2%2Fcategories&post=42101"},{"taxonomy":"post_tag","embeddable":true,"href":"https:\/\/www.interaccionnoticias.com.mx\/index.php?rest_route=%2Fwp%2Fv2%2Ftags&post=42101"}],"curies":[{"name":"wp","href":"https:\/\/api.w.org\/{rel}","templated":true}]}}