{"id":42098,"date":"2022-02-28T18:18:44","date_gmt":"2022-03-01T00:18:44","guid":{"rendered":"https:\/\/interaccionnoticias.com.mx\/?p=42098"},"modified":"2022-02-28T18:18:50","modified_gmt":"2022-03-01T00:18:50","slug":"no-he-bajado-la-mano-dice-mario-moreno-respecto-a-su-aspiracion-a-dirigir-al-pri","status":"publish","type":"post","link":"https:\/\/www.interaccionnoticias.com.mx\/?p=42098","title":{"rendered":"\u201cNo he bajado la mano\u201d, dice Mario Moreno respecto a su aspiraci\u00f3n a dirigir al PRI"},"content":{"rendered":"\n<p><strong><em>&#8211; Sostiene que est\u00e1 a la espera de que se lance la convocatoria en el Comit\u00e9 Nacional<\/em><\/strong><\/p>\n\n\n\n<p><strong>Jes\u00fas Dorantes<\/strong><\/p>\n\n\n\n<p><strong>Chilpancingo, Gro .-<\/strong> El ex candidato a la gubernatura, Mario Moreno Arcos sostuvo que mantiene firme su aspiraci\u00f3n de ser el pr\u00f3ximo dirigente estatal del PRI, por lo que se encuentra a la espera de que el Comit\u00e9 Ejecutivo Nacional (CEN) emita la convocatoria correspondiente.<\/p>\n\n\n\n<p>Entrevistado en la sede del Comit\u00e9 Directivo Estatal (CDE), el dos veces alcalde de Chilpancingo sostuvo que tiene confianza en que se pronto se alcancen los acuerdos correspondientes, para efecto de que se emita la convocatoria encaminada a la selecci\u00f3n de la pr\u00f3xima dirigencia del partido en Guerrero.<\/p>\n\n\n\n<p>\u00abYo la levante desde el primer momento y no la he bajado\u00bb, manifest\u00f3 cuando fue cuestionado sobre el tema, aunque aclar\u00f3 que de ninguna manera est\u00e1 obsesionado con el tema.<\/p>\n\n\n\n<p>Lo que s\u00ed destac\u00f3, es que se encuentra a la espera de que su partido unifique sus acuerdos necesarios para darle viabilidad al proceso de renovaci\u00f3n, de tal suerte que la contienda interna no implique una crisis que perjudique a la militancia.<\/p>\n\n\n\n<p>Cuestionado respecto a la existencia de una divisi\u00f3n, Moreno Arcos dijo que no hay tal, pues el PRI en Guerrero se mantiene como un partido fuerte, que en su momento ha estado a la altura de las circunstancias.<\/p>\n","protected":false},"excerpt":{"rendered":"<p>&#8211; Sostiene que est\u00e1 a la espera de que se lance la convocatoria en el Comit\u00e9 Nacional Jes\u00fas Dorantes Chilpancingo, Gro .- El ex candidato a la gubernatura, Mario Moreno&hellip; <\/p>\n","protected":false},"author":8,"featured_media":42099,"comment_status":"open","ping_status":"open","sticky":false,"template":"","format":"standard","meta":{"fifu_image_url":"","fifu_image_alt":"","footnotes":""},"categories":[18],"tags":[],"class_list":["post-42098","post","type-post","status-publish","format-standard","has-post-thumbnail","hentry","category-partidos-politicos"],"_links":{"self":[{"href":"https:\/\/www.interaccionnoticias.com.mx\/index.php?rest_route=\/wp\/v2\/posts\/42098","targetHints":{"allow":["GET"]}}],"collection":[{"href":"https:\/\/www.interaccionnoticias.com.mx\/index.php?rest_route=\/wp\/v2\/posts"}],"about":[{"href":"https:\/\/www.interaccionnoticias.com.mx\/index.php?rest_route=\/wp\/v2\/types\/post"}],"author":[{"embeddable":true,"href":"https:\/\/www.interaccionnoticias.com.mx\/index.php?rest_route=\/wp\/v2\/users\/8"}],"replies":[{"embeddable":true,"href":"https:\/\/www.interaccionnoticias.com.mx\/index.php?rest_route=%2Fwp%2Fv2%2Fcomments&post=42098"}],"version-history":[{"count":1,"href":"https:\/\/www.interaccionnoticias.com.mx\/index.php?rest_route=\/wp\/v2\/posts\/42098\/revisions"}],"predecessor-version":[{"id":42100,"href":"https:\/\/www.interaccionnoticias.com.mx\/index.php?rest_route=\/wp\/v2\/posts\/42098\/revisions\/42100"}],"wp:featuredmedia":[{"embeddable":true,"href":"https:\/\/www.interaccionnoticias.com.mx\/index.php?rest_route=\/wp\/v2\/media\/42099"}],"wp:attachment":[{"href":"https:\/\/www.interaccionnoticias.com.mx\/index.php?rest_route=%2Fwp%2Fv2%2Fmedia&parent=42098"}],"wp:term":[{"taxonomy":"category","embeddable":true,"href":"https:\/\/www.interaccionnoticias.com.mx\/index.php?rest_route=%2Fwp%2Fv2%2Fcategories&post=42098"},{"taxonomy":"post_tag","embeddable":true,"href":"https:\/\/www.interaccionnoticias.com.mx\/index.php?rest_route=%2Fwp%2Fv2%2Ftags&post=42098"}],"curies":[{"name":"wp","href":"https:\/\/api.w.org\/{rel}","templated":true}]}}