{"id":41975,"date":"2022-02-24T19:51:54","date_gmt":"2022-02-25T01:51:54","guid":{"rendered":"https:\/\/interaccionnoticias.com.mx\/?p=41975"},"modified":"2022-02-24T19:51:59","modified_gmt":"2022-02-25T01:51:59","slug":"lo-ocurrido-en-quechultenango-fue-por-los-abusos-que-ha-cometido-el-ejercito-en-otros-momentos-en-guerrero-nicolas-chavez-adame","status":"publish","type":"post","link":"https:\/\/www.interaccionnoticias.com.mx\/?p=41975","title":{"rendered":"Lo ocurrido en Quechultenango fue por los abusos que ha cometido el Ej\u00e9rcito en otros momentos en Guerrero: Nicol\u00e1s Ch\u00e1vez Adame"},"content":{"rendered":"\n<p><strong>Rosario Garc\u00eda Orozco<\/strong><\/p>\n\n\n\n<p><strong>Chilpancingo, Gro., 24 de febrero del 2022.-<\/strong> Lo ocurrido en Quechultenango se origin\u00f3 debido a los abusos que ha cometido el Ej\u00e9rcito en otros puntos y periodos de tiempo en Guerrero, asegur\u00f3 el l\u00edder de la Asamblea Popular de los Pueblos de Guerrero (APPG), Nicol\u00e1s Ch\u00e1vez Adame.<\/p>\n\n\n\n<p>Record\u00f3 que el Ej\u00e9rcito Mexicano tuvo mucho que ver en el caso de los 43 normalistas de Ayotzinapa desaparecidos en Iguala, as\u00ed como vejaciones que han cometido en las comunidades.<\/p>\n\n\n\n<p>\u201cCreo que en esa parte como lucha social, como parte de organizaciones sociales creemos que si el pueblo as\u00ed lo determino, no s\u00e9 cu\u00e1l fue la propuesta o inconsistencia que hubo, pero creo que cuando el pueblo se organiza es por algo\u201d, explic\u00f3 el dirigente popular al recordar que hace unos d\u00edas los habitantes de Quechultenango cercaron a unos 60 elementos de la Guardia Nacional, del Ej\u00e9rcito Mexicano y de la Fiscal\u00eda General del Estado y exigieron que salgan de las comunidades.<\/p>\n\n\n\n<p>Reconoci\u00f3 que si hay control de poblaciones enteras por parte de grupos delincuencia les, pero que eso no es privativo de Guerrero, sino es una problem\u00e1tica que se vive en todo el pa\u00eds.<\/p>\n\n\n\n<p>Al respecto, record\u00f3 que hasta el ejecutivo federal, Andr\u00e9s Manuel L\u00f3pez Obrador saluda a la madre de Joaqu\u00edn Guzm\u00e1n Loera alias \u201cEl Chapo\u201d, lo cual deriv\u00f3 en el reconocimiento de autogobiernos en donde existen grupos delincuenciales.<\/p>\n\n\n\n<p>\u201cNo nos vamos a espantar porque es la realidad que nos toca vivir, tambi\u00e9n hay que reconocer que los tres niveles de gobierno, no han cumplido con la demanda popular de seguridad para los pueblos y comunidaded\u201d, puntualiz\u00f3.<\/p>\n\n\n\n<p>Tambi\u00e9n hizo referencia a que en el caso de la sierra del estado, helic\u00f3pteros del mismo Ej\u00e9rcito y otras corporaciones fumigan sembrad\u00edos de amapola, pero generan afectaciones severas al resto de cultivos, contaminan flora, fauna, los r\u00edos, dejan sin alimentos a los habitantes de esa zona, y no resuelven el problema de la siembra de enervantes.<\/p>\n\n\n\n<p>Explic\u00f3 que si en Quechultenango decidieron asumirse como parte de los grupos delincuenciales y literalmente sacar al gobierno de ese municipio, es porque los habitantes del lugar se sienten capaces de resolver sus problemas de inseguridad.<\/p>\n\n\n\n<p>\u201cNosotros no podemos criticar ni hacer un juicio a favor ni en contra, simplemente reconocer que el pueblo levanta la voz, y cuando el pueblo levanta la voz, y vemos un tumulto de gente organizada quiere decir que el gobierno tiene que resolver\u201d, insisti\u00f3.<\/p>\n","protected":false},"excerpt":{"rendered":"<p>Rosario Garc\u00eda Orozco Chilpancingo, Gro., 24 de febrero del 2022.- Lo ocurrido en Quechultenango se origin\u00f3 debido a los abusos que ha cometido el Ej\u00e9rcito en otros puntos y periodos&hellip; <\/p>\n","protected":false},"author":14,"featured_media":41976,"comment_status":"open","ping_status":"open","sticky":false,"template":"","format":"standard","meta":{"fifu_image_url":"","fifu_image_alt":"","footnotes":""},"categories":[15],"tags":[],"class_list":["post-41975","post","type-post","status-publish","format-standard","has-post-thumbnail","hentry","category-movimientos-sociales"],"_links":{"self":[{"href":"https:\/\/www.interaccionnoticias.com.mx\/index.php?rest_route=\/wp\/v2\/posts\/41975","targetHints":{"allow":["GET"]}}],"collection":[{"href":"https:\/\/www.interaccionnoticias.com.mx\/index.php?rest_route=\/wp\/v2\/posts"}],"about":[{"href":"https:\/\/www.interaccionnoticias.com.mx\/index.php?rest_route=\/wp\/v2\/types\/post"}],"author":[{"embeddable":true,"href":"https:\/\/www.interaccionnoticias.com.mx\/index.php?rest_route=\/wp\/v2\/users\/14"}],"replies":[{"embeddable":true,"href":"https:\/\/www.interaccionnoticias.com.mx\/index.php?rest_route=%2Fwp%2Fv2%2Fcomments&post=41975"}],"version-history":[{"count":1,"href":"https:\/\/www.interaccionnoticias.com.mx\/index.php?rest_route=\/wp\/v2\/posts\/41975\/revisions"}],"predecessor-version":[{"id":41977,"href":"https:\/\/www.interaccionnoticias.com.mx\/index.php?rest_route=\/wp\/v2\/posts\/41975\/revisions\/41977"}],"wp:featuredmedia":[{"embeddable":true,"href":"https:\/\/www.interaccionnoticias.com.mx\/index.php?rest_route=\/wp\/v2\/media\/41976"}],"wp:attachment":[{"href":"https:\/\/www.interaccionnoticias.com.mx\/index.php?rest_route=%2Fwp%2Fv2%2Fmedia&parent=41975"}],"wp:term":[{"taxonomy":"category","embeddable":true,"href":"https:\/\/www.interaccionnoticias.com.mx\/index.php?rest_route=%2Fwp%2Fv2%2Fcategories&post=41975"},{"taxonomy":"post_tag","embeddable":true,"href":"https:\/\/www.interaccionnoticias.com.mx\/index.php?rest_route=%2Fwp%2Fv2%2Ftags&post=41975"}],"curies":[{"name":"wp","href":"https:\/\/api.w.org\/{rel}","templated":true}]}}