{"id":41743,"date":"2022-02-20T21:38:38","date_gmt":"2022-02-21T03:38:38","guid":{"rendered":"https:\/\/interaccionnoticias.com.mx\/?p=41743"},"modified":"2022-02-20T21:38:43","modified_gmt":"2022-02-21T03:38:43","slug":"fue-capturado-en-toluca-el-ardilla","status":"publish","type":"post","link":"https:\/\/www.interaccionnoticias.com.mx\/?p=41743","title":{"rendered":"Fue capturado en Toluca \u00abEl Ardilla\u00bb"},"content":{"rendered":"\n<p><strong><em>&#8211; Acusado de generador de violencia<br>&#8211; Integrante del grupo criminal CIDA<\/em><\/strong><\/p>\n\n\n\n<p><strong>Javier Trujillo<\/strong><\/p>\n\n\n\n<p><strong>Acapulco, Gro.- <\/strong>Jos\u00e9 Miguel \u00abB\u00bb alias \u00abEl Ardilla\u00bb, fue detenido en un operativo conjunto de las fiscalias de Guerrero y del Estado de M\u00e9xico, con armas, droga e imputado por el delito de homicidio calificado en la entidad.<br>A trav\u00e9s de un comunicado la FGE, en coordinaci\u00f3n con su hom\u00f3loga del Estado de M\u00e9xico, informa del cumplimiento a la orden de aprehensi\u00f3n contra de Jos\u00e9 Miguel \u00abB\u00bb, acusado de homicidio calificado y se\u00f1alado como jefe de plaza del C\u00e1rtel Independiente de Acapulco (CIDA).<br>De acuerdo con las autoridades \u00abEl Ardilla\u00bb, fue capturado en la Toluca de Lerdo, Estado de M\u00e9xico y es considerado uno de los principales generadores de violencia en el puerto, y uno de los objetivos prioritarios de las autoridades.<br>Al imputado por el delito de homicidio calificado le aseguran armas, drogas y diversas aves de ornato, ser\u00e1 trasladado al Estado de Guerrero, y quedar\u00e1 a disposici\u00f3n del Juez de Control y Enjuiciamiento penal.<br>El imputado se encuentra relacionado con diversos delitos en varias carpetas de investigaci\u00f3n.<br>La fiscal\u00eda guerrerense, reitera su compromiso de actuar coordinadamente con los tres \u00f3rdenes de gobierno, redoblando los esfuerzos en el combate a hechos delictivos en la entidad.<br><\/p>\n","protected":false},"excerpt":{"rendered":"<p>&#8211; Acusado de generador de violencia&#8211; Integrante del grupo criminal CIDA Javier Trujillo Acapulco, Gro.- Jos\u00e9 Miguel \u00abB\u00bb alias \u00abEl Ardilla\u00bb, fue detenido en un operativo conjunto de las fiscalias&hellip; <\/p>\n","protected":false},"author":3,"featured_media":41744,"comment_status":"open","ping_status":"open","sticky":false,"template":"","format":"standard","meta":{"fifu_image_url":"","fifu_image_alt":"","footnotes":""},"categories":[27],"tags":[],"class_list":["post-41743","post","type-post","status-publish","format-standard","has-post-thumbnail","hentry","category-seguridad-publica"],"_links":{"self":[{"href":"https:\/\/www.interaccionnoticias.com.mx\/index.php?rest_route=\/wp\/v2\/posts\/41743","targetHints":{"allow":["GET"]}}],"collection":[{"href":"https:\/\/www.interaccionnoticias.com.mx\/index.php?rest_route=\/wp\/v2\/posts"}],"about":[{"href":"https:\/\/www.interaccionnoticias.com.mx\/index.php?rest_route=\/wp\/v2\/types\/post"}],"author":[{"embeddable":true,"href":"https:\/\/www.interaccionnoticias.com.mx\/index.php?rest_route=\/wp\/v2\/users\/3"}],"replies":[{"embeddable":true,"href":"https:\/\/www.interaccionnoticias.com.mx\/index.php?rest_route=%2Fwp%2Fv2%2Fcomments&post=41743"}],"version-history":[{"count":1,"href":"https:\/\/www.interaccionnoticias.com.mx\/index.php?rest_route=\/wp\/v2\/posts\/41743\/revisions"}],"predecessor-version":[{"id":41745,"href":"https:\/\/www.interaccionnoticias.com.mx\/index.php?rest_route=\/wp\/v2\/posts\/41743\/revisions\/41745"}],"wp:featuredmedia":[{"embeddable":true,"href":"https:\/\/www.interaccionnoticias.com.mx\/index.php?rest_route=\/wp\/v2\/media\/41744"}],"wp:attachment":[{"href":"https:\/\/www.interaccionnoticias.com.mx\/index.php?rest_route=%2Fwp%2Fv2%2Fmedia&parent=41743"}],"wp:term":[{"taxonomy":"category","embeddable":true,"href":"https:\/\/www.interaccionnoticias.com.mx\/index.php?rest_route=%2Fwp%2Fv2%2Fcategories&post=41743"},{"taxonomy":"post_tag","embeddable":true,"href":"https:\/\/www.interaccionnoticias.com.mx\/index.php?rest_route=%2Fwp%2Fv2%2Ftags&post=41743"}],"curies":[{"name":"wp","href":"https:\/\/api.w.org\/{rel}","templated":true}]}}