{"id":41741,"date":"2022-02-20T20:53:02","date_gmt":"2022-02-21T02:53:02","guid":{"rendered":"https:\/\/interaccionnoticias.com.mx\/?p=41741"},"modified":"2022-02-20T20:53:06","modified_gmt":"2022-02-21T02:53:06","slug":"pavimentar-los-caminos-de-la-montana-es-pagar-la-deuda-historica-gobierno-federal","status":"publish","type":"post","link":"https:\/\/www.interaccionnoticias.com.mx\/?p=41741","title":{"rendered":"Pavimentar los caminos de la monta\u00f1a, es pagar la deuda hist\u00f3rica Gobierno Federal."},"content":{"rendered":"\n<p><strong>#TintaJur\u00eddica<\/strong><\/p>\n\n\n\n<p><strong>Dr. Trinidad Zamacona L\u00f3pez.<\/strong>\u00a0<\/p>\n\n\n\n<p>\u00abDetonar el desarrollo de la monta\u00f1a de Guerrero, para que estas comunidades sean due\u00f1as de su propio destino gobierno federal\u00bb<\/p>\n\n\n\n<p>En la visita de trabajo el Presidente de la rep\u00fablica Andr\u00e9s Manuel L\u00f3pez Obrador; se puso en marcha el programa de pavimentados de caminos en la monta\u00f1a de Guerrero; los comit\u00e9s comunitarios est\u00e1n integrados por cincuenta por ciento mujeres y con cincuenta por ciento hombres.<\/p>\n\n\n\n<p>En su intervenci\u00f3n la Gobernadora Evelyn Salgado Pineda, destac\u00f3 \u201cque este programa es muy noble porque detonar\u00e1 el desarrollo y la conectividad a la Monta\u00f1a as\u00ed como a la Costa Chica de Guerrero; se fomentar\u00e1 el empleo, ayudar\u00e1 a que lleguen m\u00e1s servicios que este gobierno tiene para la poblaci\u00f3n\u201d.&nbsp;<\/p>\n\n\n\n<p>Este programa atender\u00e1 a los municipios considerados los m\u00e1s pobres de Guerrero, este es un hecho hist\u00f3rico, porque garantiza la justicia social, no nada m\u00e1s para para s\u00ed mismo, sino que es para todos. Se trata de hacer la conexi\u00f3n de las comunidades, seguir fomentando la hermandad que las caracterizan; con esta acci\u00f3n de gobierno se viene a saldar una deuda hist\u00f3rica que se tiene con la monta\u00f1a. Nunca se hab\u00eda visitado tantas veces esta regi\u00f3n como lo ha hecho el Presidente de M\u00e9xico, resalt\u00f3.&nbsp;<\/p>\n\n\n\n<p>Por su parte el titular del INPI Adelfo Regino Montes, anunci\u00f3 que \u201cel programa de pavimentaci\u00f3n de caminos de la Monta\u00f1a de Guerrero, es un acto de justicia social, porque antes no se les tomaba en cuanta en la toma de decisiones y en la ejecuci\u00f3n de las obras, este es un programas social comunitario, en donde est\u00e1n incluidos todos; hemos realizado 66 asambleas de comit\u00e9s comunitario; mismos que est\u00e1n conformados en cincuenta por ciento de mujeres y cincuenta por ciento mujeres, el conceso y el consentimiento, es la esencia de las decisiones que se toman para la realizaci\u00f3n de las obras\u201d, claro dijo en coordinaci\u00f3n con las autoridades municipales.&nbsp;<\/p>\n\n\n\n<p>El Presidente Andr\u00e9s Manuel L\u00f3pez Obrador, al encabezar la reuni\u00f3n con autoridades de los municipios de la monta\u00f1a de Guerrero, se le inform\u00f3 por parte del director del INPI, Regino Montes, que los 66 comit\u00e9s comunitarios garantizan la transparencia de los recursos financieros que se invertir\u00e1n en los caminos rurales en los 23 municipios de esa regi\u00f3n; se beneficiaran directamente los municipios que conforman esa comarca, y se beneficiaran m\u00e1s de 100 comunidades ind\u00edgenas con una poblaci\u00f3n de m\u00e1s de medio mill\u00f3n de habitantes, dijo el funcionario que a m\u00e1s tardar en marzo comenzaran los trabajos para su ejecuci\u00f3n; lo que confirm\u00f3 el Subsecretario de Hacienda de que ya est\u00e1n liberados los recurso p\u00fablicos.<\/p>\n\n\n\n<p>La inversi\u00f3n ser\u00e1 por alrededor de mil ochenta y cinco millones de pesos, lo que detonar\u00e1 el empleo, el desarrollo de la entidad, lo que iniciar\u00e1 en marzo de este a\u00f1o; este anuncio se hizo en presencia de todos los presidentes municipales de la regi\u00f3n.&nbsp;<\/p>\n\n\n\n<p>Por su parte L\u00f3pez Obrador, dijo que este no es un asunto pol\u00edtico, no es cuesti\u00f3n de colores, es cuesti\u00f3n de pluralidad; somos gobernantes y debemos de atender sin distinci\u00f3n, y ustedes nos tienen que ayudar.&nbsp;<\/p>\n\n\n\n<p>Ah\u00ed les pidi\u00f3 a los presidentes municipales que le ayuden a gobernar, con respecto a la mandarria estatal, expres\u00f3 lo siguiente, la Gobernadora es de primera, tiene toda nuestra confianza y la vamos a respaldar, no est\u00e1 sola, es del dominio p\u00fablico de que cuenta con nuestro respaldo.<\/p>\n\n\n\n<p>Con respecto al programa de pavimentaci\u00f3n de caminos en la Monta\u00f1a de Guerrero, mencion\u00f3 que \u201charemos evaluaciones en el terreno, y como lo dijo Evelyn Salgado Pineda, menos escritorio y m\u00e1s territorio, vamos a estar cada tres meses en la monta\u00f1a de Guerrero, ese es mi compromiso, debemos de evaluar este programa, para que funcione bien\u201d.<\/p>\n\n\n\n<p>Tambi\u00e9n se comprometi\u00f3 a llevar al secretario de hacienda, \u201cexpres\u00f3 de que esto es in\u00e9dito, y \u00e9l nos va a acompa\u00f1ar; record\u00f3 que antes estos funcionarios eran fr\u00edos, como robots, pero Rogelio es un hombre humano, muy sensible\u201d; tambi\u00e9n \u00e9l le dijo al funcionario federal, de que ya se debe de resolver el asunto de salud. Se rehabilitaran los centros de salud, para que no falten los m\u00e9dicos, enfermeras, para que no falten los medicamentos\u201d destac\u00f3 el mandatario federal.&nbsp;<\/p>\n\n\n\n<p>Algo importante que anunci\u00f3 es que se construir\u00e1 un centro Telet\u00f3n en la monta\u00f1a, ya que ellos atienden a los ni\u00f1os con discapacidades.&nbsp;<\/p>\n\n\n\n<p>El Presidente L\u00f3pez Obrador, anunci\u00f3 que todos los ni\u00f1os discapacitados van a tener su pensi\u00f3n universal, como los adultos mayores; sin embargo reconoci\u00f3 que en los gobiernos de los Estados no hay rehabilitaci\u00f3n, y Telet\u00f3n si tiene la atenci\u00f3n a este tipo de discapacidad, pero no tiene recursos, por eso se firm\u00f3 un convenio, para que brinden terapias a los ni\u00f1os y ni\u00f1as, por eso es que reciben apoyos de este gobierno; reconoci\u00f3 la sensibilidad de Fernando Landeros, Presidente de Telet\u00f3n M\u00e9xico, y dijo que cuando se le consult\u00f3 en donde se podr\u00eda construir otro centro Telet\u00f3n, \u00e9l de inmediato dijo que Tlapa, en Guerrero; pero tambi\u00e9n dijo que le comentaron que los m\u00e9dicos especialistas no querr\u00e1n ir a vivir a la monta\u00f1a, y se comprometi\u00f3 a convencer a los m\u00e9dicos para que se vengan a vivir a Tlapa, porque es el la monta\u00f1a en donde se necesita; he incluso se podr\u00e1 pagar m\u00e1s para que se venga a vivir en Guerrero.\u00a0<br><\/p>\n","protected":false},"excerpt":{"rendered":"<p>#TintaJur\u00eddica Dr. Trinidad Zamacona L\u00f3pez.\u00a0 \u00abDetonar el desarrollo de la monta\u00f1a de Guerrero, para que estas comunidades sean due\u00f1as de su propio destino gobierno federal\u00bb En la visita de trabajo&hellip; <\/p>\n","protected":false},"author":24,"featured_media":39128,"comment_status":"open","ping_status":"open","sticky":false,"template":"","format":"standard","meta":{"fifu_image_url":"","fifu_image_alt":"","footnotes":""},"categories":[16],"tags":[],"class_list":["post-41741","post","type-post","status-publish","format-standard","has-post-thumbnail","hentry","category-opinion"],"_links":{"self":[{"href":"https:\/\/www.interaccionnoticias.com.mx\/index.php?rest_route=\/wp\/v2\/posts\/41741","targetHints":{"allow":["GET"]}}],"collection":[{"href":"https:\/\/www.interaccionnoticias.com.mx\/index.php?rest_route=\/wp\/v2\/posts"}],"about":[{"href":"https:\/\/www.interaccionnoticias.com.mx\/index.php?rest_route=\/wp\/v2\/types\/post"}],"author":[{"embeddable":true,"href":"https:\/\/www.interaccionnoticias.com.mx\/index.php?rest_route=\/wp\/v2\/users\/24"}],"replies":[{"embeddable":true,"href":"https:\/\/www.interaccionnoticias.com.mx\/index.php?rest_route=%2Fwp%2Fv2%2Fcomments&post=41741"}],"version-history":[{"count":1,"href":"https:\/\/www.interaccionnoticias.com.mx\/index.php?rest_route=\/wp\/v2\/posts\/41741\/revisions"}],"predecessor-version":[{"id":41742,"href":"https:\/\/www.interaccionnoticias.com.mx\/index.php?rest_route=\/wp\/v2\/posts\/41741\/revisions\/41742"}],"wp:featuredmedia":[{"embeddable":true,"href":"https:\/\/www.interaccionnoticias.com.mx\/index.php?rest_route=\/wp\/v2\/media\/39128"}],"wp:attachment":[{"href":"https:\/\/www.interaccionnoticias.com.mx\/index.php?rest_route=%2Fwp%2Fv2%2Fmedia&parent=41741"}],"wp:term":[{"taxonomy":"category","embeddable":true,"href":"https:\/\/www.interaccionnoticias.com.mx\/index.php?rest_route=%2Fwp%2Fv2%2Fcategories&post=41741"},{"taxonomy":"post_tag","embeddable":true,"href":"https:\/\/www.interaccionnoticias.com.mx\/index.php?rest_route=%2Fwp%2Fv2%2Ftags&post=41741"}],"curies":[{"name":"wp","href":"https:\/\/api.w.org\/{rel}","templated":true}]}}