{"id":41738,"date":"2022-02-20T19:49:16","date_gmt":"2022-02-21T01:49:16","guid":{"rendered":"https:\/\/interaccionnoticias.com.mx\/?p=41738"},"modified":"2022-02-20T19:49:21","modified_gmt":"2022-02-21T01:49:21","slug":"grupo-delictivo-impide-la-llegada-de-nuevo-parroco-a-tlacotepec","status":"publish","type":"post","link":"https:\/\/www.interaccionnoticias.com.mx\/?p=41738","title":{"rendered":"Grupo delictivo impide la llegada de nuevo p\u00e1rroco a Tlacotepec"},"content":{"rendered":"\n<p><strong><em>&#8211; El obispo Salvador Rangel responsabiliza a On\u00e9simo Marquina, \u201cEl Necho\u201d<\/em><\/strong><\/p>\n\n\n\n<p><strong>Rogelio Agust\u00edn<\/strong><\/p>\n\n\n\n<p>Supuestos integrantes de un grupo delictivo impidieron que el sacerdote Efra\u00edn Maza Sol\u00eds se trasladara de la cabecera municipal de Eduardo Neri hacia Tlacotepec, municipio de Heliodoro Castillo, para tomar posici\u00f3n de su nueva sede parroquial.<\/p>\n\n\n\n<p>Salvador Rangel Mendoza, administrador apost\u00f3lico de la Di\u00f3cesis Chilpancingo-Chilapa, denunci\u00f3 que Maza Sol\u00eds intent\u00f3 viajar la ma\u00f1ana del s\u00e1bado 19 de febrero hacia Tlacotepec, considerada el coraz\u00f3n de la Sierra de Guerrero.<\/p>\n\n\n\n<p>\u201cPretend\u00eda tomar posesi\u00f3n de la paroquia, pero el jefe de all\u00e1, el famoso Necho (On\u00e9simo Marquina) no est\u00e1 de acuerdo en que vaya el p\u00e1rroco, ahora resulta que el jefe de los narcos se convirti\u00f3 en obispo, \u00e9l acepta o no acepta a los sacerdotes\u201d, destac\u00f3.<\/p>\n\n\n\n<p>Dijo que \u00e9l mismo se comunic\u00f3 v\u00eda mensaje con la gobernadora Evelyn Salgado Pineda, la inform\u00f3 que probablemente cerrar\u00edan el paso en la comunidad de Tres Cruces, municipio de Eduardo Neri, la respuesta fue en el sentido de que informar\u00eda al titular de Seguridad P\u00fablica, Evelio M\u00e9ndez G\u00f3mez, pero la actividad se llev\u00f3 a cabo.<\/p>\n\n\n\n<p>\u201cLos narcos bloquearon y el padre no pudo entrar\u201d, reproch\u00f3 el todav\u00eda responsable de la Di\u00f3cesis Chilpancingo-Chilapa.<\/p>\n","protected":false},"excerpt":{"rendered":"<p>&#8211; El obispo Salvador Rangel responsabiliza a On\u00e9simo Marquina, \u201cEl Necho\u201d Rogelio Agust\u00edn Supuestos integrantes de un grupo delictivo impidieron que el sacerdote Efra\u00edn Maza Sol\u00eds se trasladara de la&hellip; <\/p>\n","protected":false},"author":21,"featured_media":41739,"comment_status":"open","ping_status":"open","sticky":false,"template":"","format":"standard","meta":{"fifu_image_url":"","fifu_image_alt":"","footnotes":""},"categories":[27],"tags":[],"class_list":["post-41738","post","type-post","status-publish","format-standard","has-post-thumbnail","hentry","category-seguridad-publica"],"_links":{"self":[{"href":"https:\/\/www.interaccionnoticias.com.mx\/index.php?rest_route=\/wp\/v2\/posts\/41738","targetHints":{"allow":["GET"]}}],"collection":[{"href":"https:\/\/www.interaccionnoticias.com.mx\/index.php?rest_route=\/wp\/v2\/posts"}],"about":[{"href":"https:\/\/www.interaccionnoticias.com.mx\/index.php?rest_route=\/wp\/v2\/types\/post"}],"author":[{"embeddable":true,"href":"https:\/\/www.interaccionnoticias.com.mx\/index.php?rest_route=\/wp\/v2\/users\/21"}],"replies":[{"embeddable":true,"href":"https:\/\/www.interaccionnoticias.com.mx\/index.php?rest_route=%2Fwp%2Fv2%2Fcomments&post=41738"}],"version-history":[{"count":1,"href":"https:\/\/www.interaccionnoticias.com.mx\/index.php?rest_route=\/wp\/v2\/posts\/41738\/revisions"}],"predecessor-version":[{"id":41740,"href":"https:\/\/www.interaccionnoticias.com.mx\/index.php?rest_route=\/wp\/v2\/posts\/41738\/revisions\/41740"}],"wp:featuredmedia":[{"embeddable":true,"href":"https:\/\/www.interaccionnoticias.com.mx\/index.php?rest_route=\/wp\/v2\/media\/41739"}],"wp:attachment":[{"href":"https:\/\/www.interaccionnoticias.com.mx\/index.php?rest_route=%2Fwp%2Fv2%2Fmedia&parent=41738"}],"wp:term":[{"taxonomy":"category","embeddable":true,"href":"https:\/\/www.interaccionnoticias.com.mx\/index.php?rest_route=%2Fwp%2Fv2%2Fcategories&post=41738"},{"taxonomy":"post_tag","embeddable":true,"href":"https:\/\/www.interaccionnoticias.com.mx\/index.php?rest_route=%2Fwp%2Fv2%2Ftags&post=41738"}],"curies":[{"name":"wp","href":"https:\/\/api.w.org\/{rel}","templated":true}]}}