{"id":41735,"date":"2022-02-20T19:33:34","date_gmt":"2022-02-21T01:33:34","guid":{"rendered":"https:\/\/interaccionnoticias.com.mx\/?p=41735"},"modified":"2022-02-20T19:33:35","modified_gmt":"2022-02-21T01:33:35","slug":"para-que-le-jalan-la-cresta-al-gallo-cuestiona-el-obispo-salvador-rangel-la-operacion-en-quechultenango","status":"publish","type":"post","link":"https:\/\/www.interaccionnoticias.com.mx\/?p=41735","title":{"rendered":"\u00bfPara qu\u00e9 le jalan la cresta al gallo? Cuestiona el obispo Salvador Rangel la operaci\u00f3n en Quechultenango"},"content":{"rendered":"\n<p><strong><em>&#8211; Insiste en que el circuito R\u00edo Azul es la zona m\u00e1s segura de Guerrero.<br>&#8211; Hay otras ciudades que requieren atenci\u00f3n, entre ellas la capital<\/em><\/strong><\/p>\n\n\n\n<p><strong>Rogelio Agust\u00edn<\/strong><\/p>\n\n\n\n<p>\u00bfPara qu\u00e9 le jalan la cresta al gallo? Cuestion\u00f3 el obispo Salvador Rangel Mendoza, al reprochar la incursi\u00f3n de personal del Ej\u00e9rcito Mexicano, la Guardia Nacional y de la Polic\u00eda Ministerial en el circuito R\u00edo Azul, la que insiste: \u201cEs la zona m\u00e1s segura de Guerrero\u201d.<\/p>\n\n\n\n<p>El hasta hot administrador apost\u00f3lico de la Di\u00f3cesis Chilpancingo-Chilapa, sostuvo que las protestas que se regstraron el pasado 16 de febrero en Quechultenango, cuando fueron retenidos elementos del Ej\u00e9rcito; la GN y la Polic\u00eda Ministerial, no es m\u00e1s que \u201cuna llamada de atencion para las instituciones\u201d.<\/p>\n\n\n\n<p>Indic\u00f3: \u201cLa gente se est\u00e1 desesperando, la gente se est\u00e1 rebelando, porque a veces obran de una manera que no es correcta\u201d.<\/p>\n\n\n\n<p>Por ejemplo, dijo que en la Secretar\u00eda de Seguridad P\u00fablica (SSP) est\u00e1 al frente un elemento de la Marina altamente calificado (Ofelio M\u00e9ndez G\u00f3mez), pero indic\u00f3 que este no conoce la entidad.<\/p>\n\n\n\n<p>Y destac\u00f3: \u201cSabemos que la parte m\u00e1s tranquila de Guerrero es desde Petaquillas (perteneciente a Chilpancingo), sigue por Mochitlan, llega hasta Quechultenango, tambi\u00e9n incluye a Tixtla hasta llegar a Tlapa\u201d.<\/p>\n\n\n\n<p>Por eso indic\u00f3: \u201cSi est\u00e1n en paz, entonces \u00bfPor qu\u00e9 meten al Ej\u00e9rcito y por qu\u00e9 meten a la Guardia Nacional? Estoy refiri\u00e9ndome a lo que pas\u00f3 en Quechultenango\u201d.<\/p>\n\n\n\n<p>Para el l\u00edder de la iglesia, el fondo tiene una motivaci\u00f3n pol\u00edtica, pues en los municipios y el distrito electoral que integran la zona de referencia perdi\u00f3 Morena en las elecciones de junio 2021.<\/p>\n\n\n\n<p>\u201cEspero que no sea un capricho de F\u00e9lix Salgado de querer vengarse de aquellos que no votaron por Morena\u201d, se\u00f1al\u00f3.<\/p>\n\n\n\n<p>Insisti\u00f3 en que la zona del circuito R\u00edo Azul, donde se se\u00f1ala que opera el grupo delictivo de \u201cLos Ardillos\u201d, es la zona m\u00e1s segura de la entidad: \u201cPorque ah\u00ed no hay levantones, no hay secuestros ni robos, incluso no dejan que se disytibuya la droga, sobre todo la droga dura\u201d.<\/p>\n\n\n\n<p>Y reiter\u00f3 su planteamiento de origen: \u201cSi es una zona que est\u00e1 en paz: \u00bfPara qu\u00e9 le van a jalar la cresta al gallo? \u00bfPara qu\u00e9 van a alebrestar a la v\u00edbora de cascabel? Cuando hay regiones m\u00e1s necesitadas donde se requiere la presencia de la Guardia Nacional y del Ej\u00e9rcito\u201d.<\/p>\n\n\n\n<p>A manera de ejemplo expuso: \u201cAh\u00ed mismo, en Chilpancingo hay robos, hay secuestros y cobro de piso\u2026es la capital y no la pueden controlar\u2026que se ponga un soldado en cada esquina, a ver si as\u00ed\u201d.<\/p>\n","protected":false},"excerpt":{"rendered":"<p>&#8211; Insiste en que el circuito R\u00edo Azul es la zona m\u00e1s segura de Guerrero.&#8211; Hay otras ciudades que requieren atenci\u00f3n, entre ellas la capital Rogelio Agust\u00edn \u00bfPara qu\u00e9 le&hellip; <\/p>\n","protected":false},"author":21,"featured_media":41736,"comment_status":"open","ping_status":"open","sticky":false,"template":"","format":"standard","meta":{"fifu_image_url":"","fifu_image_alt":"","footnotes":""},"categories":[29],"tags":[],"class_list":["post-41735","post","type-post","status-publish","format-standard","has-post-thumbnail","hentry","category-sociedad"],"_links":{"self":[{"href":"https:\/\/www.interaccionnoticias.com.mx\/index.php?rest_route=\/wp\/v2\/posts\/41735","targetHints":{"allow":["GET"]}}],"collection":[{"href":"https:\/\/www.interaccionnoticias.com.mx\/index.php?rest_route=\/wp\/v2\/posts"}],"about":[{"href":"https:\/\/www.interaccionnoticias.com.mx\/index.php?rest_route=\/wp\/v2\/types\/post"}],"author":[{"embeddable":true,"href":"https:\/\/www.interaccionnoticias.com.mx\/index.php?rest_route=\/wp\/v2\/users\/21"}],"replies":[{"embeddable":true,"href":"https:\/\/www.interaccionnoticias.com.mx\/index.php?rest_route=%2Fwp%2Fv2%2Fcomments&post=41735"}],"version-history":[{"count":1,"href":"https:\/\/www.interaccionnoticias.com.mx\/index.php?rest_route=\/wp\/v2\/posts\/41735\/revisions"}],"predecessor-version":[{"id":41737,"href":"https:\/\/www.interaccionnoticias.com.mx\/index.php?rest_route=\/wp\/v2\/posts\/41735\/revisions\/41737"}],"wp:featuredmedia":[{"embeddable":true,"href":"https:\/\/www.interaccionnoticias.com.mx\/index.php?rest_route=\/wp\/v2\/media\/41736"}],"wp:attachment":[{"href":"https:\/\/www.interaccionnoticias.com.mx\/index.php?rest_route=%2Fwp%2Fv2%2Fmedia&parent=41735"}],"wp:term":[{"taxonomy":"category","embeddable":true,"href":"https:\/\/www.interaccionnoticias.com.mx\/index.php?rest_route=%2Fwp%2Fv2%2Fcategories&post=41735"},{"taxonomy":"post_tag","embeddable":true,"href":"https:\/\/www.interaccionnoticias.com.mx\/index.php?rest_route=%2Fwp%2Fv2%2Ftags&post=41735"}],"curies":[{"name":"wp","href":"https:\/\/api.w.org\/{rel}","templated":true}]}}