{"id":41638,"date":"2022-02-17T21:35:45","date_gmt":"2022-02-18T03:35:45","guid":{"rendered":"https:\/\/interaccionnoticias.com.mx\/?p=41638"},"modified":"2022-02-17T21:35:49","modified_gmt":"2022-02-18T03:35:49","slug":"la-veda-electoral-en-tiempos-de-consulta-popular","status":"publish","type":"post","link":"https:\/\/www.interaccionnoticias.com.mx\/?p=41638","title":{"rendered":"La veda electoral en tiempos de consulta popular"},"content":{"rendered":"\n<p>#<strong>TintaJur\u00eddica<\/strong><br><\/p>\n\n\n\n<p><strong>Dr. Trinidad Zamacona L\u00f3pez.<\/strong><\/p>\n\n\n\n<p>En todo proceso electoral en nuestro pa\u00eds, deben de prevalecer los principios que se\u00f1ala la fracci\u00f3n IV del art\u00edculo 116 de la Constituci\u00f3n Pol\u00edtica de los Estados Unidos Mexicanos, establece que en el ejercicio de la funci\u00f3n electoral a cargo de las autoridades electivos, ser\u00e1n principios rectores los de legalidad, imparcialidad, objetividad, certeza e independencia; y los elementos del derecho electoral se rigen bajos los de inscripci\u00f3n de candidaturas, campa\u00f1a electoral, acto electoral y proclamaci\u00f3n; por eso deben de cuidarse todos estos principios y elementos para que todos est\u00e9n en igualdad de condiciones para participar en los procesos electorales.<\/p>\n\n\n\n<p>Sea para elegir a cierto candidato a alg\u00fan cargo de elecci\u00f3n popular, o bien que se realice una consulta para revocaci\u00f3n de mandato; a esto precisamente nos referimos al momento que estamos viviendo en nuestro pa\u00eds, en el mes de abril ya se realizar\u00e1 este ejercicio democr\u00e1tico; por ello es importante respetar la veda electoral.<\/p>\n\n\n\n<p>Pero la pregunta ser\u00eda \u00bfsabes lo que es la veda electoral? es un conjunto de medidas que tienen por objetivo el de generar las condiciones para que la ciudadan\u00eda reflexiones el sentido de su voto en libertad; pero al mismo tiempo comprende dos lapsos, el periodo de reflexi\u00f3n y la jornada; esto es lo m\u00e1s importantes porque esto es lo que realiza el ciudadano, sin ninguna presi\u00f3n.<\/p>\n\n\n\n<p>Sobre este concepto el m\u00e1ximo tribunal en materia electoral, que es el Tribunal Federal Electoral del Poder Judicial de la Federaci\u00f3n, (TRIFE) se ha pronunciado y estableci\u00f3 que el periodo de veda electoral es el lapso de tiempo durante el cual los candidatos, partidos pol\u00edticos, y simpatizantes se deben abstener de realizar cualquier acto p\u00fablico o manifestaci\u00f3n a efecto de promover o presentar ante la ciudadan\u00eda a los candidatos que contiendan a un cargo de elecci\u00f3n, este criterio lo encontramos en la sentencia dictada el 20 de abril de 2016 en el Recurso de Revisi\u00f3n del Procedimiento Especial Sancionador SUP-REP-542\/2015.<\/p>\n\n\n\n<p>Este razonamiento aplica tambi\u00e9n a lo que es la consulta popular, todos los involucrados en el p\u00e1rrafo anterior lo deben de respetar. Lo \u00fanico que se puede publicitar son las cuestiones de educaci\u00f3n, de salud y de protecci\u00f3n civil; pero no as\u00ed los programas sociales; hacerlo transgrede los principios que hemos mencionado.<\/p>\n\n\n\n<p>El art\u00edculo 35 de la Constituci\u00f3n se\u00f1ala la suspensi\u00f3n de la propagada y establece que el INE ser\u00e1 la \u00fanica instancia a cargo de la difusi\u00f3n de este ejercicio. Esta revocaci\u00f3n de mandato est\u00e1 considerado como un medio de control constitucional, el voto es de usted, la decisi\u00f3n es suya, participe, h\u00e1galo por M\u00e9xico, h\u00e1galo por la democracia.<\/p>\n\n\n\n<p>Por eso el INE les pidi\u00f3 a los mandatarios de las entidades federativas que en d\u00edas recientes publicaron una carta de apoyo al Presidente y le pidi\u00f3 que retiraran de sus redes sociales la carta de apoyo al mandatario federal; la \u00fanica que respondido fue la jefa de Gobierno de la Ciudad de M\u00e9xico, Claudia Sheinbaum, quien en un tuit, expres\u00f3, \u201cEl INE ha ordenado como medida cautelar borrar de las redes sociales la publicaci\u00f3n del 13 de febrero. Pueden ordenar borrar un tuit, pero no que renuncie a mis convecciones\u201d a lo que consejero del INE Ciro Murayama, le contest\u00f3, \u201cSe le ordeno desde el @INEM\u00e9xico, respetar la Constituci\u00f3n, no renunciar a sus convicciones. Claro, en el entendido de que entre sus convicciones no est\u00e9 violar la Constituci\u00f3n\u201d esto es lo que no abona a una buena democracia participativa.<\/p>\n\n\n\n<p>Estos pleitos en las redes sociales, es lo que no abona a una democracia participativa, ya que el \u00e1rbitro dice, se est\u00e1n hablando de sus cualidades personales, podr\u00eda tomarse como propaganda gubernamental, lo que est\u00e1 prohibido desde la emisi\u00f3n de la convocatoria de Revocaci\u00f3n de Mandato que fue el 4 de febrero hasta el propio d\u00eda 10 de abril que se va llevar a cabo\u201d. Por ello es la veda electoral, para eso sirven los criterios del TRIFE, para que no se coaccione el voto, cuidar que se vote de manera libre sin presi\u00f3n. La coacci\u00f3n del voto es uno de los delitos electorales que se cometen de manera m\u00e1s frecuente en las elecciones en todos sus niveles, al respecto, el art\u00edculo 7, fracci\u00f3n 2 de la LGIP refiere lo siguiente, el voto es universal, libre, secreto, directo, personal e intransferible. Quedan prohibidos los actos que generen presi\u00f3n o coacci\u00f3n a los electores, por lo que tambi\u00e9n se pueden configurar delitos electorales.<\/p>\n\n\n\n<p>Pero la consulta va; despu\u00e9s de que el Instituto Nacional Electoral, recurri\u00f3 a la Suprema Corte de Justicia de la Naci\u00f3n, para decir que no pod\u00eda hacer la consulta por los recursos con los que contaba, la m\u00e1xima autoridad en materia constitucional le dijo a dicho \u00f3rgano electoral, que lo realizara y que se ajustara a lo presupuestado; de ah\u00ed que solo se van a instalar solo el 20% de las casillas; que son un total de 57,000 casillas para revocaci\u00f3n de mandato en lugar de 160,000 por falta de presupuesto, sin embargo el n\u00famero final ser\u00e1 conocido el 10 de marzo.<\/p>\n\n\n\n<p>Para que sea vinculante la consulta de revocaci\u00f3n de mandato debe de votar por lo menos una mayor\u00eda absoluta del 40% de la lista nominal de electores, es decir 36<code>776,362 de 91<\/code>940,907, seg\u00fan lo expuso en el aniversario de los 150 a\u00f1os de la Constituci\u00f3n de M\u00e9xico, el Dr. Isa\u00edas S\u00e1nchez N\u00e1jera, al participar como ponente en el conversatorio \u201cLa Constituci\u00f3n Pol\u00edtica Frente a los Retos Sociales de M\u00e9xico\u201d. Lo que llevar\u00eda a obtener casi los treinta millones que saco Andr\u00e9s Manuel L\u00f3pez Obrador, en la elecci\u00f3n presidencial, el c\u00f3mputo final fue que AMLO gan\u00f3 con 30.11 millones de votos, 53.19% en las elecciones de 2012, Enrique Pe\u00f1a Nieto obtuvo 19.2 millones de sufragios, 36% menos que L\u00f3pez Obrador en el 2018. Veremos si le alcanza la popularidad para llegar a ese n\u00famero o bien rebasarlo, a la mitad del como Andr\u00e9s Manuel L\u00f3pez Obrador, compite contra el mismo. Su popularidad y los programas sociales son su mayor aporte a la 4T; pero se enfrenta a la polarizaci\u00f3n que hay en el pa\u00eds, la salud, el empleo, la pandemia, la inseguridad juegan un papel importante en la decisi\u00f3n que se tome, veremos el rumbo que elijan los mexicanos.<\/p>\n\n\n\n<p>El Instituto Nacional Electoral (INE) inform\u00f3 que la veda electoral 2022 por la consulta de revocaci\u00f3n de mandato ser\u00e1 del 4 de febrero al 10 de abril; entonces o respetamos la Constituci\u00f3n de nuestro pa\u00eds; o solo es una falacia al rendir protesta y decir que se comprometen a cumplirla y hacerla cumplir; la veda electoral marca la pauta para que en estos d\u00edas no haya difusi\u00f3n de propaganda gubernamental en medios de comunicaci\u00f3n incluyendo internet, redes sociales y contenidos impresos.<\/p>\n\n\n\n<p>Esto es para todos, por el bien de la democracia y la participaci\u00f3n ciudadana; a los mexicanos nos debe de quedar claro que la democracia no la hace el gobierno, la hacemos todos los que votamos; sin votos la democracia se debilita, sin la participaci\u00f3n de los ciudadanos, la democracia est\u00e1 solo en el papel; que hablen los votos, que se haga sentir el poder de la gente; salir a votar es un privilegio que solo la constituci\u00f3n se lo da a Usted, que nadie le robe ese derecho.<\/p>\n","protected":false},"excerpt":{"rendered":"<p>#TintaJur\u00eddica Dr. Trinidad Zamacona L\u00f3pez. En todo proceso electoral en nuestro pa\u00eds, deben de prevalecer los principios que se\u00f1ala la fracci\u00f3n IV del art\u00edculo 116 de la Constituci\u00f3n Pol\u00edtica de&hellip; <\/p>\n","protected":false},"author":24,"featured_media":39128,"comment_status":"open","ping_status":"open","sticky":false,"template":"","format":"standard","meta":{"fifu_image_url":"","fifu_image_alt":"","footnotes":""},"categories":[16],"tags":[],"class_list":["post-41638","post","type-post","status-publish","format-standard","has-post-thumbnail","hentry","category-opinion"],"_links":{"self":[{"href":"https:\/\/www.interaccionnoticias.com.mx\/index.php?rest_route=\/wp\/v2\/posts\/41638","targetHints":{"allow":["GET"]}}],"collection":[{"href":"https:\/\/www.interaccionnoticias.com.mx\/index.php?rest_route=\/wp\/v2\/posts"}],"about":[{"href":"https:\/\/www.interaccionnoticias.com.mx\/index.php?rest_route=\/wp\/v2\/types\/post"}],"author":[{"embeddable":true,"href":"https:\/\/www.interaccionnoticias.com.mx\/index.php?rest_route=\/wp\/v2\/users\/24"}],"replies":[{"embeddable":true,"href":"https:\/\/www.interaccionnoticias.com.mx\/index.php?rest_route=%2Fwp%2Fv2%2Fcomments&post=41638"}],"version-history":[{"count":1,"href":"https:\/\/www.interaccionnoticias.com.mx\/index.php?rest_route=\/wp\/v2\/posts\/41638\/revisions"}],"predecessor-version":[{"id":41639,"href":"https:\/\/www.interaccionnoticias.com.mx\/index.php?rest_route=\/wp\/v2\/posts\/41638\/revisions\/41639"}],"wp:featuredmedia":[{"embeddable":true,"href":"https:\/\/www.interaccionnoticias.com.mx\/index.php?rest_route=\/wp\/v2\/media\/39128"}],"wp:attachment":[{"href":"https:\/\/www.interaccionnoticias.com.mx\/index.php?rest_route=%2Fwp%2Fv2%2Fmedia&parent=41638"}],"wp:term":[{"taxonomy":"category","embeddable":true,"href":"https:\/\/www.interaccionnoticias.com.mx\/index.php?rest_route=%2Fwp%2Fv2%2Fcategories&post=41638"},{"taxonomy":"post_tag","embeddable":true,"href":"https:\/\/www.interaccionnoticias.com.mx\/index.php?rest_route=%2Fwp%2Fv2%2Ftags&post=41638"}],"curies":[{"name":"wp","href":"https:\/\/api.w.org\/{rel}","templated":true}]}}