{"id":41596,"date":"2022-02-16T21:22:17","date_gmt":"2022-02-17T03:22:17","guid":{"rendered":"https:\/\/interaccionnoticias.com.mx\/?p=41596"},"modified":"2022-02-16T21:22:22","modified_gmt":"2022-02-17T03:22:22","slug":"mexico-entre-el-uso-del-poder-el-acceso-a-la-informacion-publica-la-libertad-de-expresion-en-peligro","status":"publish","type":"post","link":"https:\/\/www.interaccionnoticias.com.mx\/?p=41596","title":{"rendered":"M\u00e9xico entre el uso del poder, el acceso a la informaci\u00f3n p\u00fablica, la libertad de expresi\u00f3n en peligro."},"content":{"rendered":"\n<p><strong>\u201cNada es tan falso en este mundo, como el pensar que un gobernante lo sabe todo\u201d.<\/strong><\/p>\n\n\n\n<p>La frase que acaba Usted de leer, la he acu\u00f1ado desde hace tiempo como abogado litigante, y esto tiene que ver con los pol\u00edticos que llegan al poder, y sienten que est\u00e1n iluminados, que lo saben todo, y vaya que el pueblo se lo llega a creer.<\/p>\n\n\n\n<p>En mi vida como mexicano, nunca hab\u00eda visto a un Presidente, estar tan irritado, y lo digo porque desde que vot\u00e9 por primera vez, he visto de todo.<\/p>\n\n\n\n<p>Sab\u00eda Usted lo que han dicho los Presidentes de nuestro pa\u00eds, aqu\u00ed les dejo algunas de ellas \u201cdefender\u00e9 el peso como un perro\u201d otro m\u00e1s, estar en el velorio de quien fuera el candidato de su partido, como si nada hubiera pasado,\u201d El PRI es as\u00ed porque as\u00ed somos los mexicanos\u201d Carlos Salinas, otro \u201clos mexicanos hacen trabajos que ni los negros quieren hacer\u201d Vicente Fox, \u201cno nos beneficia ni nos perjudica, sino todo lo contrario\u201d Luis Echeverr\u00eda, este ray\u00f3 en lo coloquial, \u201cNo busco el aplauso del pueblo, de la chusma, ni figurar en los archivos; al carajo con el pueblo y con la historia\u201d, Gustavo D\u00edaz Ordaz, este m\u00e1s \u201cNadie aguanta un ca\u00f1onazo de 50 mil pesos\u201d \u00c1lvaro Obreg\u00f3n, este de Porfirio D\u00edaz, \u201cPerro con hueso en la boca, ni muerde ni ladra\u201d, Adolfo Ruiz Cortines, \u201cMe quieren para que los gobierne o para semental\u201d, Adolfo L\u00f3pez Mateos, expres\u00f3 \u201cLa pol\u00edtica debe hacerse con muchos sesos, pero si a los sesos les ponemos huevos, son m\u00e1s sabrosos. Andr\u00e9s Manuel L\u00f3pez Obrador, tiene varias, mire; \u201cSe equivocan menos los ciudadanos que los pol\u00edticos\u201d, \u201cEstamos trabajando en armon\u00eda, queremos el cambio por el cambio de la concordia. Vamos al cambio con unidad nacional, de la reconciliaci\u00f3n. Estamos avanzando en ese prop\u00f3sito\u201d \u201cQue no se utilice al Ej\u00e9rcito para suplir las incapacidades de los gobiernos civiles\u201d. Si le sigo no terminar\u00eda con la freses de todos ellos.<\/p>\n\n\n\n<p>Esa es la clase pol\u00edtica que nos ha gobernado; quiz\u00e1s la nuevas generaciones no lo asimilen, pero lo que es cierto es que un solo periodista hizo lo que no han logrado los partidos pol\u00edticos en M\u00e9xico; poner en entredicho la honestidad de la familia del Presidente.<\/p>\n\n\n\n<p>Lo que public\u00f3 Carlos Loret de Mola, puso al mandatario en un esca\u00f1o en el que no es bueno para debatir; bajarse a otro nivel sin darse cuenta que es el Presidente de M\u00e9xico; para muchos si debi\u00f3 hacerlo, y para otros no fue lo m\u00e1s correcto.<\/p>\n\n\n\n<p>Exhiben a uno de los familiares de primer grado del mandatario, Jos\u00e9 Ram\u00f3n L\u00f3pez Beltr\u00e1n, viviendo con su pareja Carolyn Adams, en dos residencias al norte de Houston, cada una con valor comercial cercano al mill\u00f3n de d\u00f3lares, de acuerdo con una investigaci\u00f3n de Latinus y Mexicanos contra la Corrupci\u00f3n y la Impunidad. Eso fue lo que puso en aprietos a L\u00f3pez Obrador, al publicarse que existen conflictos de intereses, con una empresa petrolera, ya que la casa es propiedad de uno de los altos ejecutivos de dicha vivienda.<\/p>\n\n\n\n<p>Con ese reportaje, lo dejaron sin discurso de combate a la corrupci\u00f3n, de los hijos de los pol\u00edticos \u201cfifi\u201d o bien de que la impunidad era el c\u00e1ncer de este pa\u00eds, y que \u00e9l lleg\u00f3 para arrancarlo de ra\u00edz.<\/p>\n\n\n\n<p>M\u00e9xico ya tuvo un caso en el gobierno de Enrique Pe\u00f1a Nieto, \u201cla casa blanca\u201d supo entender que los mexicanos estaban irritados, y prefiri\u00f3 pedir perd\u00f3n. En este caso no se est\u00e1 atentando contra la libertad de expresi\u00f3n, desconoci\u00f3 a Loret de Mola como periodista; pero cuando le realizaba las entrevistas como candidato opositor en televisa, si lo reconoci\u00f3 como tal.<\/p>\n\n\n\n<p>Pero el caso del reportaje de Carlos Loret, lo ha tra\u00eddo ocupado por m\u00e1s de quince d\u00edas, y lo sac\u00f3 de quicio; el Presidente anda incontrolable, no sabe debatir en ese terreno; su hijo se ha defendido poco, y su nuera ni figura en el debate, el periodista lo exhibi\u00f3 de la forma que \u00e9l no est\u00e1 acostumbrado, la honestidad valiente est\u00e1 en entredicho.<\/p>\n\n\n\n<p>El jurista Miguel Carbonell, manifest\u00f3 lo siguiente \u201cM\u00e9xico es un pa\u00eds extraordinariamente peligroso para ejercer el periodismo y cualquier se\u00f1al de ataque, vulnerabilidad que venga de cualquier poder p\u00fablico, en cualquier nivel de gobierno hacia el ejercicio de la funci\u00f3n period\u00edstica, debe ser reprobado\u201d<\/p>\n\n\n\n<p>El letrado tiene toda la raz\u00f3n; el periodismo es una actividad profesional que consiste en la obtenci\u00f3n, interpretaci\u00f3n, tratamiento y difusi\u00f3n de informaciones y an\u00e1lisis, a trav\u00e9s de los medios de comunicaci\u00f3n social como la prensa, la radio, la televisi\u00f3n, el Internet, entre otros; la tan llamada \u201clibertad de expresi\u00f3n\u201d, esta profesi\u00f3n u oficio est\u00e1 consagrada en el art\u00edculo 6\u00ba y 7\u00ba de la Constituci\u00f3n Pol\u00edtica de los Estados Unidos Mexicanos. Pero el ar\u00e1bigo 6\u00ba establece en su fracci\u00f3n II \u201cLa informaci\u00f3n que se refiere a la vida privada y a los datos personales ser\u00e1 protegida en los t\u00e9rminos y con las excepciones que fijen las leyes\u201d. Obligaci\u00f3n que tiene el Estado.<\/p>\n\n\n\n<p>Al exhibir lo que supuestamente gana el periodista Carlos Loret, el Presidente de M\u00e9xico contrapone, en una primera instancia, a lo establecido por la Constituci\u00f3n Mexicana de los Estados Unidos Mexicanos en los art\u00edculos 6\u00ba, 7\u00ba y el 16, el cual se refiere a la protecci\u00f3n de datos personales.<\/p>\n\n\n\n<p>\u201cToda persona tiene derecho a la protecci\u00f3n de sus datos personales, al acceso, rectificaci\u00f3n y cancelaci\u00f3n de los mismos, as\u00ed como a manifestar su oposici\u00f3n, en los t\u00e9rminos que fije la ley, la cual establecer\u00e1 los supuestos de excepci\u00f3n a los principios que rijan el tratamiento de datos, por razones de seguridad nacional, disposiciones de orden p\u00fablico, seguridad y salud p\u00fablicas o para proteger los derechos de terceros\u201d. El primer obligado a cumplir con la Constituci\u00f3n del pa\u00eds, es el propio Presidente, los funcionarios p\u00fablicos y todos aquellos a los que la ley los faculta a hacer lo que la misma le permite, y les proh\u00edbe lo que expresamente est\u00e1 establecido.<\/p>\n\n\n\n<p>Adem\u00e1s de que infringi\u00f3 la Ley General de Protecci\u00f3n de Datos Personales en Posesi\u00f3n de Sujetos Obligados. Entre varios art\u00edculos, se destaca el 32 junto a sus fracciones I y II, pues habla de las medidas de seguridad que deber\u00e1 adoptar el responsable al considerar el riesgo y la sensibilidad de los datos tratados. Pues todo eso no basto para que el mandatario, sinti\u00e9ndose un ciudadano cualquiera hiciera uso del poder para pedir informaci\u00f3n al Instituto de Transparencia y Acceso a la Informaci\u00f3n Publica,<\/p>\n\n\n\n<p>Adem\u00e1s de que se viol\u00f3 el secreto fiscal, al revelar datos que al principio no dijo de donde los sac\u00f3, despu\u00e9s manifest\u00f3 que se lo dejaron de manera an\u00f3nima, lo que no es cre\u00edble. Pero si se violent\u00f3 el art\u00edculo 69 del C\u00f3digo Fiscal de la Federaci\u00f3n, y su violaci\u00f3n es constitutiva de un delito. Pero cuando se usa el poder para callar las investigaciones de los periodistas, eso representa un peligro para una sociedad democr\u00e1tica.<\/p>\n\n\n\n<p>Pero adem\u00e1s se viol\u00f3 el art\u00edculo 57 de la Ley General de Responsabilidades administrativas, en el sentido de que se considera informaci\u00f3n privilegiada la que obtenga el servidor p\u00fablico con motivo de sus funciones y que no sea de dominio p\u00fablico; adem\u00e1s del art\u00edculo 108 fracci\u00f3n II de la Constituci\u00f3n Pol\u00edtica del Pa\u00eds, el cual prescribe que el Presidente podr\u00e1 ser imputado y juzgado por traici\u00f3n a la patria, hechos de corrupci\u00f3n, delitos electorales y todos aquellos delitos por los que podr\u00eda ser enjuiciado cualquier ciudadano o ciudadana.<\/p>\n\n\n\n<p>El ar\u00e1bigo 210 del C\u00f3digo Penal Federal, establece que se impondr\u00e1 de treinta a doscientas jornadas de trabajo a favor de la comunidad, al que sin justa causa, con perjuicio de alguien y sin consentimiento del que pueda resultar perjudicado, revele alg\u00fan secreto o comunicaci\u00f3n reservada que conoce o ha recibido con motivo de su empleo, cargo o puesto.<\/p>\n\n\n\n<p>Contra todo eso, con fecha 14 de febrero del dos mil veintiuno, el mandatario dirigi\u00f3 un oficio al Instituto de Transparencia, Acceso a la Informaci\u00f3n y Protecci\u00f3n de Datos Personales, para que realizara una investigaci\u00f3n y le informara la riqueza que posee el se\u00f1or Carlos Loret, socios, familiares; y el organismo de transparencia le contesta a trav\u00e9s de la Comisionada Presidenta Blanca Lilia Ibarra Cadena, de que no tiene facultades para realizar y otorgar dicha informaci\u00f3n, que eso se le puede pedir a las entidades p\u00fablicas, el Servicio de Administraci\u00f3n Tributaria, o bien a la Unidad de Inteligencia Financiera, as\u00ed como al Registros P\u00fablicos de la Propiedad entre otros.<\/p>\n\n\n\n<p>Vaya forma de contestarle al primer mandatario del pa\u00eds, de manera clara, precisa, motivado y fundamentado, no hay duda de que cuando se est\u00e1 en la legalidad, as\u00ed sea el Presidente de la rep\u00fablica, se le debe de decir que no le asiste el derecho de petici\u00f3n; hacerlo se violar\u00eda la Ley General de Protecci\u00f3n de Datos Personales en Posesi\u00f3n se Sujetos Obligados, obligaci\u00f3n que tiene el estado mexicano de velar por ese respeto no dependiendo el cargo que se tenga.<\/p>\n","protected":false},"excerpt":{"rendered":"<p>\u201cNada es tan falso en este mundo, como el pensar que un gobernante lo sabe todo\u201d. La frase que acaba Usted de leer, la he acu\u00f1ado desde hace tiempo como&hellip; <\/p>\n","protected":false},"author":24,"featured_media":39128,"comment_status":"open","ping_status":"open","sticky":false,"template":"","format":"standard","meta":{"fifu_image_url":"","fifu_image_alt":"","footnotes":""},"categories":[16],"tags":[],"class_list":["post-41596","post","type-post","status-publish","format-standard","has-post-thumbnail","hentry","category-opinion"],"_links":{"self":[{"href":"https:\/\/www.interaccionnoticias.com.mx\/index.php?rest_route=\/wp\/v2\/posts\/41596","targetHints":{"allow":["GET"]}}],"collection":[{"href":"https:\/\/www.interaccionnoticias.com.mx\/index.php?rest_route=\/wp\/v2\/posts"}],"about":[{"href":"https:\/\/www.interaccionnoticias.com.mx\/index.php?rest_route=\/wp\/v2\/types\/post"}],"author":[{"embeddable":true,"href":"https:\/\/www.interaccionnoticias.com.mx\/index.php?rest_route=\/wp\/v2\/users\/24"}],"replies":[{"embeddable":true,"href":"https:\/\/www.interaccionnoticias.com.mx\/index.php?rest_route=%2Fwp%2Fv2%2Fcomments&post=41596"}],"version-history":[{"count":1,"href":"https:\/\/www.interaccionnoticias.com.mx\/index.php?rest_route=\/wp\/v2\/posts\/41596\/revisions"}],"predecessor-version":[{"id":41597,"href":"https:\/\/www.interaccionnoticias.com.mx\/index.php?rest_route=\/wp\/v2\/posts\/41596\/revisions\/41597"}],"wp:featuredmedia":[{"embeddable":true,"href":"https:\/\/www.interaccionnoticias.com.mx\/index.php?rest_route=\/wp\/v2\/media\/39128"}],"wp:attachment":[{"href":"https:\/\/www.interaccionnoticias.com.mx\/index.php?rest_route=%2Fwp%2Fv2%2Fmedia&parent=41596"}],"wp:term":[{"taxonomy":"category","embeddable":true,"href":"https:\/\/www.interaccionnoticias.com.mx\/index.php?rest_route=%2Fwp%2Fv2%2Fcategories&post=41596"},{"taxonomy":"post_tag","embeddable":true,"href":"https:\/\/www.interaccionnoticias.com.mx\/index.php?rest_route=%2Fwp%2Fv2%2Ftags&post=41596"}],"curies":[{"name":"wp","href":"https:\/\/api.w.org\/{rel}","templated":true}]}}