{"id":41578,"date":"2022-02-16T19:55:13","date_gmt":"2022-02-17T01:55:13","guid":{"rendered":"https:\/\/interaccionnoticias.com.mx\/?p=41578"},"modified":"2022-02-16T19:55:18","modified_gmt":"2022-02-17T01:55:18","slug":"anuncia-la-secretaria-del-bienestar-nueva-convocatoria-para-vacunacion-en-chilpancingo","status":"publish","type":"post","link":"https:\/\/www.interaccionnoticias.com.mx\/?p=41578","title":{"rendered":"Anuncia la Secretar\u00eda del Bienestar nueva convocatoria para vacunaci\u00f3n en Chilpancingo"},"content":{"rendered":"\n<p><strong>Rosario Garc\u00eda Orozco<\/strong><\/p>\n\n\n\n<p><strong>Chilpancingo, Gro., 16 de febrero del 2022.-<\/strong> El delegado federal de los Programas Sociales, Iv\u00e1n Hern\u00e1ndez D\u00edaz, anunci\u00f3 el cambio de la sede para la jornada de vacunaci\u00f3n de primera dosis a rezagos mayores de edad; y la jornada para ni\u00f1as y ni\u00f1os con comorbilidades de 12 a 15 a\u00f1os; as\u00ed como la aplicaci\u00f3n de primera y segunda dosis para adolescentes 15 a 17 a\u00f1os.<\/p>\n\n\n\n<p>En conferencia de prensa, Hern\u00e1ndez D\u00edaz precis\u00f3 que para el 16 y 17 de febrero, el \u00fanico punto de vacunaci\u00f3n para rezagos de primera dosis de 18 a\u00f1os en adelante, ser\u00e1 el Instituto Tecnol\u00f3gico de Chilpancingo, en un horario de 9:00 am a 3:00 pm.<\/p>\n\n\n\n<p>El funcionario federal anunci\u00f3 que del 16 al 17 de febrero en las canchas de la colonia del PRI, d\u00f3nde se atender\u00e1 a ni\u00f1as y ni\u00f1os con comorbilidades de 12 a 15 a\u00f1os pendientes de segunda dosis, en un horario de 9:00 am a 3:00 pm.<\/p>\n\n\n\n<p>Se\u00f1al\u00f3 que para adolescentes de 15 a 17 a\u00f1os rezagados de primera y segunda dosis, se brindar\u00e1 atenci\u00f3n del 17 al 18 de febrero en Chilpancingo, tambi\u00e9n en las canchas del PRI, con horario de 9:00 am a 3:00 pm.<\/p>\n\n\n\n<p>Iv\u00e1n Hern\u00e1ndez insisti\u00f3 en su llamado a los guerrerenses a seguirse cuidando para evitar m\u00e1s contagios de Covid 19, y a acudir a aplicarse la vacuna para que en caso de que se contagie los s\u00edntomas sean menores.<\/p>\n","protected":false},"excerpt":{"rendered":"<p>Rosario Garc\u00eda Orozco Chilpancingo, Gro., 16 de febrero del 2022.- El delegado federal de los Programas Sociales, Iv\u00e1n Hern\u00e1ndez D\u00edaz, anunci\u00f3 el cambio de la sede para la jornada de&hellip; <\/p>\n","protected":false},"author":14,"featured_media":41575,"comment_status":"open","ping_status":"open","sticky":false,"template":"","format":"standard","meta":{"fifu_image_url":"","fifu_image_alt":"","footnotes":""},"categories":[3],"tags":[],"class_list":["post-41578","post","type-post","status-publish","format-standard","has-post-thumbnail","hentry","category-covid-19"],"_links":{"self":[{"href":"https:\/\/www.interaccionnoticias.com.mx\/index.php?rest_route=\/wp\/v2\/posts\/41578","targetHints":{"allow":["GET"]}}],"collection":[{"href":"https:\/\/www.interaccionnoticias.com.mx\/index.php?rest_route=\/wp\/v2\/posts"}],"about":[{"href":"https:\/\/www.interaccionnoticias.com.mx\/index.php?rest_route=\/wp\/v2\/types\/post"}],"author":[{"embeddable":true,"href":"https:\/\/www.interaccionnoticias.com.mx\/index.php?rest_route=\/wp\/v2\/users\/14"}],"replies":[{"embeddable":true,"href":"https:\/\/www.interaccionnoticias.com.mx\/index.php?rest_route=%2Fwp%2Fv2%2Fcomments&post=41578"}],"version-history":[{"count":1,"href":"https:\/\/www.interaccionnoticias.com.mx\/index.php?rest_route=\/wp\/v2\/posts\/41578\/revisions"}],"predecessor-version":[{"id":41579,"href":"https:\/\/www.interaccionnoticias.com.mx\/index.php?rest_route=\/wp\/v2\/posts\/41578\/revisions\/41579"}],"wp:featuredmedia":[{"embeddable":true,"href":"https:\/\/www.interaccionnoticias.com.mx\/index.php?rest_route=\/wp\/v2\/media\/41575"}],"wp:attachment":[{"href":"https:\/\/www.interaccionnoticias.com.mx\/index.php?rest_route=%2Fwp%2Fv2%2Fmedia&parent=41578"}],"wp:term":[{"taxonomy":"category","embeddable":true,"href":"https:\/\/www.interaccionnoticias.com.mx\/index.php?rest_route=%2Fwp%2Fv2%2Fcategories&post=41578"},{"taxonomy":"post_tag","embeddable":true,"href":"https:\/\/www.interaccionnoticias.com.mx\/index.php?rest_route=%2Fwp%2Fv2%2Ftags&post=41578"}],"curies":[{"name":"wp","href":"https:\/\/api.w.org\/{rel}","templated":true}]}}