{"id":41567,"date":"2022-02-16T17:59:57","date_gmt":"2022-02-16T23:59:57","guid":{"rendered":"https:\/\/interaccionnoticias.com.mx\/?p=41567"},"modified":"2022-02-16T18:00:02","modified_gmt":"2022-02-17T00:00:02","slug":"llega-al-congreso-caso-de-nina-de-nueve-anos-a-la-que-le-fue-negado-el-aborto-asistido","status":"publish","type":"post","link":"https:\/\/www.interaccionnoticias.com.mx\/?p=41567","title":{"rendered":"Llega al Congreso caso de ni\u00f1a de nueve a\u00f1os a la que le fue negado el aborto asistido"},"content":{"rendered":"\n<p><strong><em>&#8211; Se trata de preservar la vida de la menor, porque est\u00e1 en riesgo, dicen Gloria Citlali Calixto y Leticia Castro<br>&#8211; No politizar el tema, plantea Julieta Fern\u00e1ndez<\/em><\/strong>\u00a0<\/p>\n\n\n\n<p><strong>Rogelio Agust\u00edn Esteban<\/strong><\/p>\n\n\n\n<p>Tres diputadas locales dialogaron sobre la negativa de personal de la Secretar\u00eda de Salud del Estado para practicar el aborto asistido a una ni\u00f1a de nueve a\u00f1os, la cual presenta un embarazo de cinco meses y asegura que fue violada por otro menor de doce a\u00f1os de edad, en una comunidad ind\u00edgena de Acatepec, en la Monta\u00f1a de Guerrero.<\/p>\n\n\n\n<p>Este mi\u00e9rcoles 16 de febrero se dio a conocer la denuncia hecha por los padres de una menor de nueve a\u00f1os de edad, originaria del municipio de Acatepec, quienes tras presentar la denuncia ante el Ministerio P\u00fablico de Chilpancingo, solicitaron al personal del Hospital General, Raymundo Abarca Alarc\u00f3n que se practicara a la ni\u00f1a un aborto asistido, habida cuenta de no est\u00e1 en condiciones de sobrellevar el embarazo, enfrentar el trabajo de parto y enfrentar una maternidad.<\/p>\n\n\n\n<p>En el Hospital General de la capital del estado, lejos de otorgar la atenci\u00f3n requerida, los padres de la agraviada se\u00f1alaron que el personal m\u00e9dico comenz\u00f3 a rega\u00f1arlos, por lo que acudieron a la Agencia del Ministerio P\u00fablico Especializado en Justicia Penal para Adolescentes, donde el trato que recibieron fue similar.<\/p>\n\n\n\n<p>Durante la sesi\u00f3n que la Comisi\u00f3n Permanente del Congreso local desahog\u00f3 este 16 de febrero, la diputada Gloria Citlali Calixto Jim\u00e9nez aprovech\u00f3 la intervenci\u00f3n de su compa\u00f1era, Jessica Alejo Rayo, quien abord\u00f3 lo relacionado con la lucha por la igualdad de g\u00e9nero para retomar el caso.&nbsp;&nbsp;<\/p>\n\n\n\n<p>\u201cDebemos hacer conciencia de las desigualdades y violencias que las mujeres vivimos desde diferentes contextos y diferentes realidades\u201d, se\u00f1al\u00f3 la representante popular.<\/p>\n\n\n\n<p>Calixto Jim\u00e9nez expuso: \u201cAyer trascendi\u00f3 que a una ni\u00f1a embarazada, de tan solo nueve a\u00f1os de edad le fue negado el acceso a la interrupci\u00f3n del embarazo en el hospital Raymundo Abarca Alarc\u00f3n, a pesar de que el C\u00f3digo de Procedimientos Penales considera su caso como parte de las excluyentes de delito, le fue negado a pesar de que la norma oficial mexicana 046 protege su derecho a decidir de manera libre e informada\u201d.<\/p>\n\n\n\n<p>En consecuencia, hizo un exhorto a que como legislatura, se enfoquen los esfuerzos necesarios para atender la deuda hist\u00f3rica que se tiene con las ni\u00f1as y las mujeres del estado.<\/p>\n\n\n\n<p>\u201cQue nuestros deseos no se queden solo en voluntad pol\u00edtica, que esto se materialicen en verdaderas acciones concretas; fuera de nosotros, de nuestras historias de vida, hay historias decepcionantes, como este de una ni\u00f1a que fue violada y que tiene ya cinco meses de embarazo\u201d, anot\u00f3.<\/p>\n\n\n\n<p>Dijo que las diputadas deben hacer el esfuerzo de comprender las realidades que enfrentan las ni\u00f1as en condiciones de alta vulnerabilidad, particularmente porque ven las cosas desde una posici\u00f3n de privilegio.<\/p>\n\n\n\n<p>\u201cDebemos legislar desde acciones concretas; hoy, una ni\u00f1a de nueve a\u00f1os padece los efectos de una cultura patriarcal que las oprime, hoy Guerrero tiene una deuda pendiente con las mujeres mexicanas, hagamos lo necesario para transformar esta realidad\u201d, asever\u00f3.<\/p>\n\n\n\n<p>Sostuvo que el caso no debi\u00f3 suceder y manifest\u00f3 que tambi\u00e9n se atiende a la familia de la afectada, porque han enfrentado cuestiones de violencia psicol\u00f3gica.<\/p>\n\n\n\n<p><strong>No hay que politizar el caso<\/strong><\/p>\n\n\n\n<p>La diputada Julieta Fern\u00e1ndez solicit\u00f3 el uso de la palabra, para solicitar que el asunto no se politice, pues existen situaciones que no se deben pasar por alto.<\/p>\n\n\n\n<p>\u201cYa tiene mas de cuatro meses de embarazo, ha superado por mucho las doce semanas y se trata de un tema de salud que no se debe politizar\u201d, anot\u00f3.<\/p>\n\n\n\n<p>En todo caso, dijo que los casos se deben estudiar para valorar situaciones como la medica y la socioecon\u00f3mica.<\/p>\n\n\n\n<p>\u201cEst\u00e1n presupuestando que fue violada, cuando el padre tiene 12 a\u00f1os; no sabemos exactamente que fue lo que le sucedi\u00f3 a esa ni\u00f1a\u201d, destac\u00f3.<\/p>\n\n\n\n<p>Coment\u00f3 que se podr\u00eda estar frente a uno de muchos casos que pasan en la regi\u00f3n Monta\u00f1a, donde muchas ni\u00f1as comienzan su vida sexual y reproductiva desde los diez a\u00f1os.<\/p>\n\n\n\n<p>\u201cHay casos en los que por causas de que as\u00ed acostumbran en usos y costumbres, juntarse a temprana edad y que llegan a tener m\u00e1s de siete hijos por mujer, deber\u00edamos tambi\u00e9n estudiar un poco cual es la situaci\u00f3n real\u201d, destac\u00f3.<\/p>\n\n\n\n<p>Insisti\u00f3 en que un problema de esa naturaleza no se resuelve con la politizaci\u00f3n, adem\u00e1s, dijo que si los m\u00e9dicos se negaron a practicar el aborto fue principalmente por un tema de salud.<\/p>\n\n\n\n<p>La diputada Leticia Castro Ort\u00edz, manifest\u00f3 que en esta caso, lo que en realidad est\u00e1 en juego es la integridad f\u00edsica de la menor.<\/p>\n\n\n\n<p>\u201cEs una ni\u00f1a de nueve a\u00f1os que no tiene la madurez reproductiva para soportar un embarazo, puede estar en riesgo su vida y la del producto\u201d, anot\u00f3.<\/p>\n\n\n\n<p>La intervenci\u00f3n oportuna en estos casos, dijo que va en la ruta de salvar vidas, no de quitarlas.<\/p>\n\n\n\n<p>&nbsp;Insisti\u00f3: \u201cUna ni\u00f1a de nueve a\u00f1os, no puede con su cuerpo mal alimentado soportar un embarazo, pues puede llegar a poner en riesgo su vida y la del producto\u201d.<\/p>\n","protected":false},"excerpt":{"rendered":"<p>&#8211; Se trata de preservar la vida de la menor, porque est\u00e1 en riesgo, dicen Gloria Citlali Calixto y Leticia Castro&#8211; No politizar el tema, plantea Julieta Fern\u00e1ndez\u00a0 Rogelio Agust\u00edn&hellip; <\/p>\n","protected":false},"author":21,"featured_media":41568,"comment_status":"open","ping_status":"open","sticky":false,"template":"","format":"standard","meta":{"fifu_image_url":"","fifu_image_alt":"","footnotes":""},"categories":[2],"tags":[],"class_list":["post-41567","post","type-post","status-publish","format-standard","has-post-thumbnail","hentry","category-congreso"],"_links":{"self":[{"href":"https:\/\/www.interaccionnoticias.com.mx\/index.php?rest_route=\/wp\/v2\/posts\/41567","targetHints":{"allow":["GET"]}}],"collection":[{"href":"https:\/\/www.interaccionnoticias.com.mx\/index.php?rest_route=\/wp\/v2\/posts"}],"about":[{"href":"https:\/\/www.interaccionnoticias.com.mx\/index.php?rest_route=\/wp\/v2\/types\/post"}],"author":[{"embeddable":true,"href":"https:\/\/www.interaccionnoticias.com.mx\/index.php?rest_route=\/wp\/v2\/users\/21"}],"replies":[{"embeddable":true,"href":"https:\/\/www.interaccionnoticias.com.mx\/index.php?rest_route=%2Fwp%2Fv2%2Fcomments&post=41567"}],"version-history":[{"count":1,"href":"https:\/\/www.interaccionnoticias.com.mx\/index.php?rest_route=\/wp\/v2\/posts\/41567\/revisions"}],"predecessor-version":[{"id":41569,"href":"https:\/\/www.interaccionnoticias.com.mx\/index.php?rest_route=\/wp\/v2\/posts\/41567\/revisions\/41569"}],"wp:featuredmedia":[{"embeddable":true,"href":"https:\/\/www.interaccionnoticias.com.mx\/index.php?rest_route=\/wp\/v2\/media\/41568"}],"wp:attachment":[{"href":"https:\/\/www.interaccionnoticias.com.mx\/index.php?rest_route=%2Fwp%2Fv2%2Fmedia&parent=41567"}],"wp:term":[{"taxonomy":"category","embeddable":true,"href":"https:\/\/www.interaccionnoticias.com.mx\/index.php?rest_route=%2Fwp%2Fv2%2Fcategories&post=41567"},{"taxonomy":"post_tag","embeddable":true,"href":"https:\/\/www.interaccionnoticias.com.mx\/index.php?rest_route=%2Fwp%2Fv2%2Ftags&post=41567"}],"curies":[{"name":"wp","href":"https:\/\/api.w.org\/{rel}","templated":true}]}}