{"id":41564,"date":"2022-02-16T16:10:55","date_gmt":"2022-02-16T22:10:55","guid":{"rendered":"https:\/\/interaccionnoticias.com.mx\/?p=41564"},"modified":"2022-02-16T16:11:00","modified_gmt":"2022-02-16T22:11:00","slug":"en-acapulco-muere-turista-canadiense","status":"publish","type":"post","link":"https:\/\/www.interaccionnoticias.com.mx\/?p=41564","title":{"rendered":"En Acapulco, muere turista canadiense"},"content":{"rendered":"\n<p><strong><em>&#8211; La v\u00edctima cay\u00f3 en plena protesta de la CETEG<br>&#8211; Era de origen canadiense de la tercera edad<\/em><\/strong><\/p>\n\n\n\n<p><strong>Javier Trujillo<\/strong><\/p>\n\n\n\n<p><strong>Acapulco, Gro. \u2013<\/strong> En plena manifestaci\u00f3n y bloqueo en la costera Miguel Alem\u00e1n por parte de maestros de la Coordinadora Estatal de Trabajadores de la Educaci\u00f3n de Guerrero, muri\u00f3 un turista canadiense de un infarto.<\/p>\n\n\n\n<p>Tras la ca\u00edda del turista en plena avenida, varias personas de la zona de la glorieta de La Diana Cazadora trataron de brindarle los primeros auxilios al turista, un adulto mayor para reanimarlo.<\/p>\n\n\n\n<p>Mientras que minutos despu\u00e9s, lleg\u00f3 una ambulancia de la Cruz Roja, sin embargo, fue el turista extranjero ya hab\u00eda fallecido.<\/p>\n\n\n\n<p>Al llegar, al lugar donde cay\u00f3 el turista infartado, param\u00e9dicos dijeron que el extranjero falleci\u00f3 debido a un infarto fulminante.<\/p>\n","protected":false},"excerpt":{"rendered":"<p>&#8211; La v\u00edctima cay\u00f3 en plena protesta de la CETEG&#8211; Era de origen canadiense de la tercera edad Javier Trujillo Acapulco, Gro. \u2013 En plena manifestaci\u00f3n y bloqueo en la&hellip; <\/p>\n","protected":false},"author":3,"featured_media":41565,"comment_status":"open","ping_status":"open","sticky":false,"template":"","format":"standard","meta":{"fifu_image_url":"","fifu_image_alt":"","footnotes":""},"categories":[27],"tags":[],"class_list":["post-41564","post","type-post","status-publish","format-standard","has-post-thumbnail","hentry","category-seguridad-publica"],"_links":{"self":[{"href":"https:\/\/www.interaccionnoticias.com.mx\/index.php?rest_route=\/wp\/v2\/posts\/41564","targetHints":{"allow":["GET"]}}],"collection":[{"href":"https:\/\/www.interaccionnoticias.com.mx\/index.php?rest_route=\/wp\/v2\/posts"}],"about":[{"href":"https:\/\/www.interaccionnoticias.com.mx\/index.php?rest_route=\/wp\/v2\/types\/post"}],"author":[{"embeddable":true,"href":"https:\/\/www.interaccionnoticias.com.mx\/index.php?rest_route=\/wp\/v2\/users\/3"}],"replies":[{"embeddable":true,"href":"https:\/\/www.interaccionnoticias.com.mx\/index.php?rest_route=%2Fwp%2Fv2%2Fcomments&post=41564"}],"version-history":[{"count":1,"href":"https:\/\/www.interaccionnoticias.com.mx\/index.php?rest_route=\/wp\/v2\/posts\/41564\/revisions"}],"predecessor-version":[{"id":41566,"href":"https:\/\/www.interaccionnoticias.com.mx\/index.php?rest_route=\/wp\/v2\/posts\/41564\/revisions\/41566"}],"wp:featuredmedia":[{"embeddable":true,"href":"https:\/\/www.interaccionnoticias.com.mx\/index.php?rest_route=\/wp\/v2\/media\/41565"}],"wp:attachment":[{"href":"https:\/\/www.interaccionnoticias.com.mx\/index.php?rest_route=%2Fwp%2Fv2%2Fmedia&parent=41564"}],"wp:term":[{"taxonomy":"category","embeddable":true,"href":"https:\/\/www.interaccionnoticias.com.mx\/index.php?rest_route=%2Fwp%2Fv2%2Fcategories&post=41564"},{"taxonomy":"post_tag","embeddable":true,"href":"https:\/\/www.interaccionnoticias.com.mx\/index.php?rest_route=%2Fwp%2Fv2%2Ftags&post=41564"}],"curies":[{"name":"wp","href":"https:\/\/api.w.org\/{rel}","templated":true}]}}