{"id":41553,"date":"2022-02-16T11:58:47","date_gmt":"2022-02-16T17:58:47","guid":{"rendered":"https:\/\/interaccionnoticias.com.mx\/?p=41553"},"modified":"2022-02-16T11:58:51","modified_gmt":"2022-02-16T17:58:51","slug":"profesores-jubilados-se-manifiestan-en-oficinas-de-la-seg","status":"publish","type":"post","link":"https:\/\/www.interaccionnoticias.com.mx\/?p=41553","title":{"rendered":"Profesores jubilados se manifiestan en oficinas de la SEG"},"content":{"rendered":"\n<p><em><strong>&#8211; Vienen de Acapulco, exigen atenci\u00f3n<br><\/strong><\/em>\u00a0<br><strong>Jes\u00fas Dorantes<br><\/strong>\u00a0<br><strong>Chilpancingo , Gro .-<\/strong> Profesores jubilados del puerto de Acapulco se manifestaron en las oficinas de Subsecretar\u00eda de Administraci\u00f3n y Finanzas de la Secretar\u00eda de Educaci\u00f3n Guerrero (SEG), para exigir el pago del 2 % del Sistema de Ahorro para el Retiro.<br>\u00a0<br>La ma\u00f1ana del mi\u00e9rcoles, un grupo de jubilados arrib\u00f3 hasta las oficinas de la SEG, conocida como \u201cCasa Blanca\u201d, d\u00f3nde con pancartas en mano con leyendas cono\u00a0\u201c2 % esto y m\u00e1s nos deben\u201d , \u201cNuestro derecho desde hace mucho tiempo y lo trabajamos\u201d y \u201cConfiamos en la 4 \u2013 T \u201c \u00a0se instalaron en \u00a0la entrada principal.<br>\u00a0<br>En entrevista, Jaime Mart\u00ednez Ramos, representante de los jubilados denunci\u00f3 que desde el 2019 solicitaron al gobierno del estado el pago del 2 % del SARS \u2013 FOVISSSTE, para 72 de sus compa\u00f1eros que ya cumplieron con sus a\u00f1os de labor al servicio de la administraci\u00f3n estatal.<br>\u00a0<br>Adem\u00e1s de que mientras eran trabajadores en activo les fue descontado el recurso que ahora exigen a la administraci\u00f3n estatal les regrese o de lo contrario continuar\u00edan con sus protestas.<\/p>\n","protected":false},"excerpt":{"rendered":"<p>&#8211; Vienen de Acapulco, exigen atenci\u00f3n\u00a0Jes\u00fas Dorantes\u00a0Chilpancingo , Gro .- Profesores jubilados del puerto de Acapulco se manifestaron en las oficinas de Subsecretar\u00eda de Administraci\u00f3n y Finanzas de la Secretar\u00eda&hellip; <\/p>\n","protected":false},"author":8,"featured_media":41554,"comment_status":"open","ping_status":"open","sticky":false,"template":"","format":"standard","meta":{"fifu_image_url":"","fifu_image_alt":"","footnotes":""},"categories":[6],"tags":[],"class_list":["post-41553","post","type-post","status-publish","format-standard","has-post-thumbnail","hentry","category-educacion"],"_links":{"self":[{"href":"https:\/\/www.interaccionnoticias.com.mx\/index.php?rest_route=\/wp\/v2\/posts\/41553","targetHints":{"allow":["GET"]}}],"collection":[{"href":"https:\/\/www.interaccionnoticias.com.mx\/index.php?rest_route=\/wp\/v2\/posts"}],"about":[{"href":"https:\/\/www.interaccionnoticias.com.mx\/index.php?rest_route=\/wp\/v2\/types\/post"}],"author":[{"embeddable":true,"href":"https:\/\/www.interaccionnoticias.com.mx\/index.php?rest_route=\/wp\/v2\/users\/8"}],"replies":[{"embeddable":true,"href":"https:\/\/www.interaccionnoticias.com.mx\/index.php?rest_route=%2Fwp%2Fv2%2Fcomments&post=41553"}],"version-history":[{"count":1,"href":"https:\/\/www.interaccionnoticias.com.mx\/index.php?rest_route=\/wp\/v2\/posts\/41553\/revisions"}],"predecessor-version":[{"id":41555,"href":"https:\/\/www.interaccionnoticias.com.mx\/index.php?rest_route=\/wp\/v2\/posts\/41553\/revisions\/41555"}],"wp:featuredmedia":[{"embeddable":true,"href":"https:\/\/www.interaccionnoticias.com.mx\/index.php?rest_route=\/wp\/v2\/media\/41554"}],"wp:attachment":[{"href":"https:\/\/www.interaccionnoticias.com.mx\/index.php?rest_route=%2Fwp%2Fv2%2Fmedia&parent=41553"}],"wp:term":[{"taxonomy":"category","embeddable":true,"href":"https:\/\/www.interaccionnoticias.com.mx\/index.php?rest_route=%2Fwp%2Fv2%2Fcategories&post=41553"},{"taxonomy":"post_tag","embeddable":true,"href":"https:\/\/www.interaccionnoticias.com.mx\/index.php?rest_route=%2Fwp%2Fv2%2Ftags&post=41553"}],"curies":[{"name":"wp","href":"https:\/\/api.w.org\/{rel}","templated":true}]}}