{"id":41550,"date":"2022-02-16T11:40:10","date_gmt":"2022-02-16T17:40:10","guid":{"rendered":"https:\/\/interaccionnoticias.com.mx\/?p=41550"},"modified":"2022-02-16T11:40:15","modified_gmt":"2022-02-16T17:40:15","slug":"no-aguantaron-la-presion-dice-anorve-ante-la-marcha-atras-en-el-incremento-tarifario","status":"publish","type":"post","link":"https:\/\/www.interaccionnoticias.com.mx\/?p=41550","title":{"rendered":"\u201cNo aguantaron la presi\u00f3n\u201d, dice A\u00f1orve ante la marcha atr\u00e1s en el incremento tarifario"},"content":{"rendered":"\n<p><strong><em>&#8211; Sostiene que las cuotas en la Autopista del Sol deben reducirse<\/em><\/strong><\/p>\n\n\n\n<p><strong>Rogelio Agust\u00edn<\/strong><\/p>\n\n\n\n<p>\u201cNo aguantaron la presi\u00f3n\u201d, dijo el senador del PRI, Manuel A\u00f1orve Ba\u00f1os al referirse a la determinaci\u00f3n de dejar sin efecto el incremento autorizado en las tarifas de peaje de la Autopista del Sol.<\/p>\n\n\n\n<p>La ma\u00f1ana del martes, el representante popular hab\u00eda manifestado que el aprobado la noche del martes 15 de febrero, era el s\u00e9ptimo registrado durante lo que va de la administraci\u00f3n del presidente de la Rep\u00fablica, Andr\u00e9s Manuel L\u00f3pez Obrador.<\/p>\n\n\n\n<p>A\u00f1orve Ba\u00f1os destac\u00f3 que el incremento representa un severo golpe a la econom\u00eda del estado de Guerrero, por esa raz\u00f3n es que plante\u00f3 la necesidad de que se llame a comparecer al titular de la Secretar\u00eda de Turismo del Gobierno Federal, Miguel Torruco, para efecto de que explique la forma en que de manera reiterada se lesionan los intereses de Guerrero.<\/p>\n\n\n\n<p>Lo mismo plante\u00f3 para el caso de Caminos y Puentes Federales (Capufe) ya que no se ha atendido el reclamo hist\u00f3rico de que las tarifas de peaje se reduzcan, por el contrario, la tendencia se ha mantenido hacia el alza sin que esto represente un beneficio para la entidad.<\/p>\n\n\n\n<p>Antes del mediod\u00eda, Capufe inform\u00f3 que el incremento autorizada para este mi\u00e9rcoles quedaba suspendido \u201chasta nuevo aviso\u201d.<\/p>\n\n\n\n<p>El escueto comunicado destac\u00f3: \u201cEste cambio obedece a instrucciones giradas por la Secretar\u00eda de Infraestructura, Comunicaciones y Transportes (SICT).<\/p>\n\n\n\n<p>V\u00eda telef\u00f3nica, Manuel A\u00f1orve sostuvo que al dar marcha atr\u00e1s al incremento, \u201cel gobierno federal reconoci\u00f3 que se hab\u00eda cometido un error\u201d.<\/p>\n\n\n\n<p>Indic\u00f3 que no fue solo uno, en realidad hay varios errores cometidos en la determinaci\u00f3n de incrementar las tarifas.<\/p>\n\n\n\n<p>\u201cSe han tenido que echar para atr\u00e1s por las reacciones que han recibido en contra, tanto de legisladores como de prestadores de servicios del estado de Guerrero y del pa\u00eds\u201d, anot\u00f3.<\/p>\n\n\n\n<p>Sin embargo, manifest\u00f3 que en su caso, no dejar\u00e1 de solicitar la comparecencia del titular de la Sectur, para efecto de que se informe, cuales son las acciones compensatorias que se han emprendido para revertir los efectos negativos de los seis incrementos que la carretera de cuotas ha registrado en lo que va de la presente administraci\u00f3n federal.<\/p>\n\n\n\n<p>Indic\u00f3 que el tema est\u00e1 en suspenso, por lo que existe el riesgo de que se retome en cualquier fin de semana o periodo vacacional.<\/p>\n","protected":false},"excerpt":{"rendered":"<p>&#8211; Sostiene que las cuotas en la Autopista del Sol deben reducirse Rogelio Agust\u00edn \u201cNo aguantaron la presi\u00f3n\u201d, dijo el senador del PRI, Manuel A\u00f1orve Ba\u00f1os al referirse a la&hellip; <\/p>\n","protected":false},"author":21,"featured_media":41551,"comment_status":"open","ping_status":"open","sticky":false,"template":"","format":"standard","meta":{"fifu_image_url":"","fifu_image_alt":"","footnotes":""},"categories":[29],"tags":[],"class_list":["post-41550","post","type-post","status-publish","format-standard","has-post-thumbnail","hentry","category-sociedad"],"_links":{"self":[{"href":"https:\/\/www.interaccionnoticias.com.mx\/index.php?rest_route=\/wp\/v2\/posts\/41550","targetHints":{"allow":["GET"]}}],"collection":[{"href":"https:\/\/www.interaccionnoticias.com.mx\/index.php?rest_route=\/wp\/v2\/posts"}],"about":[{"href":"https:\/\/www.interaccionnoticias.com.mx\/index.php?rest_route=\/wp\/v2\/types\/post"}],"author":[{"embeddable":true,"href":"https:\/\/www.interaccionnoticias.com.mx\/index.php?rest_route=\/wp\/v2\/users\/21"}],"replies":[{"embeddable":true,"href":"https:\/\/www.interaccionnoticias.com.mx\/index.php?rest_route=%2Fwp%2Fv2%2Fcomments&post=41550"}],"version-history":[{"count":1,"href":"https:\/\/www.interaccionnoticias.com.mx\/index.php?rest_route=\/wp\/v2\/posts\/41550\/revisions"}],"predecessor-version":[{"id":41552,"href":"https:\/\/www.interaccionnoticias.com.mx\/index.php?rest_route=\/wp\/v2\/posts\/41550\/revisions\/41552"}],"wp:featuredmedia":[{"embeddable":true,"href":"https:\/\/www.interaccionnoticias.com.mx\/index.php?rest_route=\/wp\/v2\/media\/41551"}],"wp:attachment":[{"href":"https:\/\/www.interaccionnoticias.com.mx\/index.php?rest_route=%2Fwp%2Fv2%2Fmedia&parent=41550"}],"wp:term":[{"taxonomy":"category","embeddable":true,"href":"https:\/\/www.interaccionnoticias.com.mx\/index.php?rest_route=%2Fwp%2Fv2%2Fcategories&post=41550"},{"taxonomy":"post_tag","embeddable":true,"href":"https:\/\/www.interaccionnoticias.com.mx\/index.php?rest_route=%2Fwp%2Fv2%2Ftags&post=41550"}],"curies":[{"name":"wp","href":"https:\/\/api.w.org\/{rel}","templated":true}]}}