{"id":41543,"date":"2022-02-16T11:01:56","date_gmt":"2022-02-16T17:01:56","guid":{"rendered":"https:\/\/interaccionnoticias.com.mx\/?p=41543"},"modified":"2022-02-16T11:02:00","modified_gmt":"2022-02-16T17:02:00","slug":"bloquean-maestros-y-padres-de-familia","status":"publish","type":"post","link":"https:\/\/www.interaccionnoticias.com.mx\/?p=41543","title":{"rendered":"Bloquean maestros y padres de familia"},"content":{"rendered":"\n<p>&#8212; Exigen a la SEG tr\u00e1mite la conexi\u00f3n de la energ\u00eda el\u00e9ctrica<br>&#8212; Est\u00e1n en clases presenciales, pero van a cerrar<\/p>\n\n\n\n<p>Javier Trujillo<\/p>\n\n\n\n<p>Acapulco, Gro.- M\u00e1s de un centenar de padres de familia y habitantes de Costa Dorada, bloquean el bulevar de Las Naciones para reclamar a la Secretaria de Educaci\u00f3n Guerrero instale el suministro de energ\u00eda el\u00e9ctrica en una escuela que no tiene conexiones.<\/p>\n\n\n\n<p>\u00abEstamos aqu\u00ed por parte de la primaria Miguel Hidalgo y Costilla, y de la escuela de Nueva creaci\u00f3n en Casas Homex, con m\u00e1s de mil alumnos en ambos turnos y que est\u00e1n pidiendo que el transformador sea conectado a la escuela porque no se tiene energ\u00eda el\u00e9ctrica, porque se quem\u00f3 todo el cableado.<\/p>\n\n\n\n<p>\u00abYa nos dieron el transformador, pero es la fecha en que las autoridades de la SEG no atienden la exigencia y estamos pidiendo la conexi\u00f3n del cableado para poder tener luz en los salones\u00bb, dijo el maestro del plantel Vicente Resendis.<\/p>\n\n\n\n<p>Al grito de \u00a1queremos soluci\u00f3n!, \u00a1queremos soluci\u00f3n!, los manifestantes mantienen bloqueados ambos sentidos del bulevar de Las Naciones, frente a las oficinas del gobierno del estado, con la finalidad de exigir a la SEG cumpla con la exigencia que plantean.<\/p>\n\n\n\n<p>El cierre de ambas vialidades ocasiona que veh\u00edculos del transporte p\u00fablico y particulares se atraviesen el camell\u00f3n para salir del bloqueo carretero que ya tiene m\u00e1s de una hora.<\/p>\n\n\n\n<p>Se inform\u00f3 que los alumnos ya est\u00e1n en clases presenciales, pero acusan que los alumnos ni siquiera tienen un ventilador y menos hay una conexi\u00f3n para la red de Internet.<\/p>\n","protected":false},"excerpt":{"rendered":"<p>&#8212; Exigen a la SEG tr\u00e1mite la conexi\u00f3n de la energ\u00eda el\u00e9ctrica&#8212; Est\u00e1n en clases presenciales, pero van a cerrar Javier Trujillo Acapulco, Gro.- M\u00e1s de un centenar de padres&hellip; <\/p>\n","protected":false},"author":3,"featured_media":41544,"comment_status":"open","ping_status":"open","sticky":false,"template":"","format":"standard","meta":{"fifu_image_url":"","fifu_image_alt":"","footnotes":""},"categories":[6],"tags":[],"class_list":["post-41543","post","type-post","status-publish","format-standard","has-post-thumbnail","hentry","category-educacion"],"_links":{"self":[{"href":"https:\/\/www.interaccionnoticias.com.mx\/index.php?rest_route=\/wp\/v2\/posts\/41543","targetHints":{"allow":["GET"]}}],"collection":[{"href":"https:\/\/www.interaccionnoticias.com.mx\/index.php?rest_route=\/wp\/v2\/posts"}],"about":[{"href":"https:\/\/www.interaccionnoticias.com.mx\/index.php?rest_route=\/wp\/v2\/types\/post"}],"author":[{"embeddable":true,"href":"https:\/\/www.interaccionnoticias.com.mx\/index.php?rest_route=\/wp\/v2\/users\/3"}],"replies":[{"embeddable":true,"href":"https:\/\/www.interaccionnoticias.com.mx\/index.php?rest_route=%2Fwp%2Fv2%2Fcomments&post=41543"}],"version-history":[{"count":1,"href":"https:\/\/www.interaccionnoticias.com.mx\/index.php?rest_route=\/wp\/v2\/posts\/41543\/revisions"}],"predecessor-version":[{"id":41545,"href":"https:\/\/www.interaccionnoticias.com.mx\/index.php?rest_route=\/wp\/v2\/posts\/41543\/revisions\/41545"}],"wp:featuredmedia":[{"embeddable":true,"href":"https:\/\/www.interaccionnoticias.com.mx\/index.php?rest_route=\/wp\/v2\/media\/41544"}],"wp:attachment":[{"href":"https:\/\/www.interaccionnoticias.com.mx\/index.php?rest_route=%2Fwp%2Fv2%2Fmedia&parent=41543"}],"wp:term":[{"taxonomy":"category","embeddable":true,"href":"https:\/\/www.interaccionnoticias.com.mx\/index.php?rest_route=%2Fwp%2Fv2%2Fcategories&post=41543"},{"taxonomy":"post_tag","embeddable":true,"href":"https:\/\/www.interaccionnoticias.com.mx\/index.php?rest_route=%2Fwp%2Fv2%2Ftags&post=41543"}],"curies":[{"name":"wp","href":"https:\/\/api.w.org\/{rel}","templated":true}]}}