{"id":41537,"date":"2022-02-15T20:58:43","date_gmt":"2022-02-16T02:58:43","guid":{"rendered":"https:\/\/interaccionnoticias.com.mx\/?p=41537"},"modified":"2022-02-15T20:58:47","modified_gmt":"2022-02-16T02:58:47","slug":"son-siete-los-lesionados-en-la-rina-del-penal-de-iguala","status":"publish","type":"post","link":"https:\/\/www.interaccionnoticias.com.mx\/?p=41537","title":{"rendered":"Son siete, los lesionados en la ri\u00f1a del penal de Iguala"},"content":{"rendered":"\n<p><strong><em>&#8211; Marina, Sedena, Guardia Nacional y Polic\u00eda del Estado resguardan las instalaciones<\/em><\/strong>\u00a0\u00a0 \u00a0<\/p>\n\n\n\n<p><strong>Rogelio Agust\u00edn<\/strong><\/p>\n\n\n\n<p>La Mesa Central para la Construcci\u00f3n de la Paz confirm\u00f3 una ri\u00f1a en el penal de Tuxpan, en Iguala de la Independencia con un saldo de siete reos lesionados.<\/p>\n\n\n\n<p>La Mesa Central indic\u00f3 que en cuanto se tuvo conocimiento del hecho, se pusieron en marcha los protocolos de seguridad correspondientes, tanto dentro como fuera del penal.<\/p>\n\n\n\n<p>Se precis\u00f3 que el enfrentamiento dej\u00f3 el saldo de siete lesionados, todos por golpes contusos, pero tambi\u00e9n destac\u00f3 que todos ya reciben la atenci\u00f3n m\u00e9dica correspondiente.<\/p>\n\n\n\n<p>Para la noche del martes, se inform\u00f3 que la situaci\u00f3n en el penal ya estaba normalizada, pero que se manten\u00eda la vigilancia por parte de elementos de la Secretar\u00eda de la Defensa Nacional (Sedena), la Marina Armada, la Guardia Nacional (GN) y la Polic\u00eda del Estado.<\/p>\n\n\n\n<p>En el lugar tambi\u00e9n se encuentra personal de la Comisi\u00f3n de Derechos Humanos del Estado de Guerrero (CDHEG), para verificar lo que ah\u00ed sucede.<\/p>\n","protected":false},"excerpt":{"rendered":"<p>&#8211; Marina, Sedena, Guardia Nacional y Polic\u00eda del Estado resguardan las instalaciones\u00a0\u00a0 \u00a0 Rogelio Agust\u00edn La Mesa Central para la Construcci\u00f3n de la Paz confirm\u00f3 una ri\u00f1a en el penal&hellip; <\/p>\n","protected":false},"author":21,"featured_media":41515,"comment_status":"open","ping_status":"open","sticky":false,"template":"","format":"standard","meta":{"fifu_image_url":"","fifu_image_alt":"","footnotes":""},"categories":[27],"tags":[],"class_list":["post-41537","post","type-post","status-publish","format-standard","has-post-thumbnail","hentry","category-seguridad-publica"],"_links":{"self":[{"href":"https:\/\/www.interaccionnoticias.com.mx\/index.php?rest_route=\/wp\/v2\/posts\/41537","targetHints":{"allow":["GET"]}}],"collection":[{"href":"https:\/\/www.interaccionnoticias.com.mx\/index.php?rest_route=\/wp\/v2\/posts"}],"about":[{"href":"https:\/\/www.interaccionnoticias.com.mx\/index.php?rest_route=\/wp\/v2\/types\/post"}],"author":[{"embeddable":true,"href":"https:\/\/www.interaccionnoticias.com.mx\/index.php?rest_route=\/wp\/v2\/users\/21"}],"replies":[{"embeddable":true,"href":"https:\/\/www.interaccionnoticias.com.mx\/index.php?rest_route=%2Fwp%2Fv2%2Fcomments&post=41537"}],"version-history":[{"count":1,"href":"https:\/\/www.interaccionnoticias.com.mx\/index.php?rest_route=\/wp\/v2\/posts\/41537\/revisions"}],"predecessor-version":[{"id":41538,"href":"https:\/\/www.interaccionnoticias.com.mx\/index.php?rest_route=\/wp\/v2\/posts\/41537\/revisions\/41538"}],"wp:featuredmedia":[{"embeddable":true,"href":"https:\/\/www.interaccionnoticias.com.mx\/index.php?rest_route=\/wp\/v2\/media\/41515"}],"wp:attachment":[{"href":"https:\/\/www.interaccionnoticias.com.mx\/index.php?rest_route=%2Fwp%2Fv2%2Fmedia&parent=41537"}],"wp:term":[{"taxonomy":"category","embeddable":true,"href":"https:\/\/www.interaccionnoticias.com.mx\/index.php?rest_route=%2Fwp%2Fv2%2Fcategories&post=41537"},{"taxonomy":"post_tag","embeddable":true,"href":"https:\/\/www.interaccionnoticias.com.mx\/index.php?rest_route=%2Fwp%2Fv2%2Ftags&post=41537"}],"curies":[{"name":"wp","href":"https:\/\/api.w.org\/{rel}","templated":true}]}}