{"id":41534,"date":"2022-02-15T19:59:49","date_gmt":"2022-02-16T01:59:49","guid":{"rendered":"https:\/\/interaccionnoticias.com.mx\/?p=41534"},"modified":"2022-02-15T19:59:53","modified_gmt":"2022-02-16T01:59:53","slug":"dejen-gobernar-a-la-gobernadora-dice-mario-moreno-arcos","status":"publish","type":"post","link":"https:\/\/www.interaccionnoticias.com.mx\/?p=41534","title":{"rendered":"\u201cDejen gobernar a la gobernadora\u201d, dice Mario Moreno Arcos"},"content":{"rendered":"\n<p><strong><em>&#8211; El ex candidato de la coalici\u00f3n PRI-PRD, sostiene que preocupan la inseguridad y la polarizaci\u00f3n pol\u00edtica, pero sobre todo, que haya un grupo cercano de amigos y familiares que no ayuden a la titular del Ejecutivo local<br>&#8211; \u201cEl poder no se comparte, se ejerce\u201d, asegura<\/em><\/strong><\/p>\n\n\n\n<p><strong>Rogelio Agust\u00edn<\/strong><\/p>\n\n\n\n<p>\u201cDejen gobernar a la gobernadora\u201d, dijo el ex candidato de la coalici\u00f3n PRI-PRD, Mario Moreno Arcos, al se\u00f1alar que si bien preocupan la polarizaci\u00f3n social y los altos \u00edndices delictivos, tambi\u00e9n llama la atenci\u00f3n el hecho de que haya un grupo de cercanos, amigos y familiares, que no permiten a la gobernadora Evelyn Salgado Pineda tomar completamente las riendas del poder.&nbsp; &nbsp;<\/p>\n\n\n\n<p>En sus redes sociales, Moreno Arcos consider\u00f3 importante hacer una reflexi\u00f3n en el contexto de los cuatro meses de gesti\u00f3n de la actual administraci\u00f3n estatal.&nbsp; &nbsp;<\/p>\n\n\n\n<p>Reconoci\u00f3 que los guerrerenses han caminado, aunque con muchas dificultades, en una ruta de democratizaci\u00f3n de la vida p\u00fablica.<\/p>\n\n\n\n<p>\u201cEs una ruta empedrada, pero muy definida que requiere de reciprocidad inmediata\u201d, asever\u00f3.&nbsp;<\/p>\n\n\n\n<p>De primera instancia, refiri\u00f3 que \u201ces urgente que quien est\u00e1 al frente del gobierno ejerza su autoridad y asuma su responsabilidad, tomando decisiones reales sobre todo lo que tenga que ver con un gran llamado a la participaci\u00f3n social\u201d.&nbsp;<\/p>\n\n\n\n<p>Si bien reconoci\u00f3 que existe una sociedad civil movilizada, la realidad es que cada d\u00eda est\u00e1 m\u00e1s dividida y \u201ccon actores pol\u00edticos y sociales cada vez m\u00e1s dispuestos a recurrir a la violencia y la confrontaci\u00f3n como \u00fanico medio para plantear sus demandas, ante la falta de orden y concertaci\u00f3n\u201d.&nbsp;<\/p>\n\n\n\n<p>Continu\u00f3: \u201cPreocupa mucho tambi\u00e9n, observar c\u00f3mo los \u00edndices delincuenciales se incrementan en las diferentes regiones y grandes ciudades, poniendo en riesgo la inversi\u00f3n y el turismo en nuestro estado, retrasando la activaci\u00f3n econ\u00f3mica de un pueblo ya de por s\u00ed muy golpeado por la pandemia\u201d.&nbsp;<\/p>\n\n\n\n<p>Enfatiz\u00f3: \u201cPero hay algo que preocupa a\u00fan m\u00e1s y que tal vez sea el origen, y es la falta de direcci\u00f3n en la toma de decisiones en las diferentes \u00e1reas de gobierno.<\/p>\n\n\n\n<p>Hoy la queja recurrente es que son demasiadas cabezas las que expiden nombramientos, incluso para un mismo cargo\u201d.<\/p>\n\n\n\n<p>Ejemplific\u00f3: \u201cQue hay un secretario que forma parte de un grupo y un subsecretario de otro por lo que los acuerdos se nulifican o de plano no existen, generando incluso pleitos porque los responsables obedecen a distintas l\u00edneas gubernamentales\u201d.&nbsp;<\/p>\n\n\n\n<p>Esa crispaci\u00f3n, asegur\u00f3 que detiene los trabajos que urgentemente necesitan realizarse en favor de las y los guerrerenses, por lo que insisti\u00f3: \u201ccreo que es importante tomar decisiones al respecto, la primera, reconocer claramente qui\u00e9n gobierna al estado y ayudarle a ejercer su autoridad, sin mezquindades ni protagonismos est\u00e9riles\u201d.&nbsp;<\/p>\n\n\n\n<p>Moreno Arcos consider\u00f3 importante recordar que no es lo mismo tener un puesto importante en la administraci\u00f3n p\u00fablica, que detentar el poder y sobre todo, indic\u00f3 que \u201cEl poder no se comparte, se ejerce y en este caso quien debe ejercerlo es la gobernadora, no sus m\u00e1s cercanos, no sus familiares, no sus amigos\u201d.<\/p>\n\n\n\n<p>La gente cercana a la gobernadora, en la apreciaci\u00f3n de Moreno Arcos, debieran actuar con humildad, eficiencia y una gran m\u00edstica de servicio, \u201cpara que de verdad le sirvan a quien hoy tiene la enorme responsabilidad de gobernar Guerrero\u201d.&nbsp;<\/p>\n\n\n\n<p>El ex candidato a la gubernatura refiri\u00f3 que Guerrero necesita el esfuerzo de todos, \u201cporque las marchas y plantones de todos los d\u00edas abonan poco a su desarrollo y eso inhibe el turismo y la inversi\u00f3n\u201d.<\/p>\n\n\n\n<p>Indic\u00f3: \u201cPoco se construye a favor de los guerrerenses si no dejan a la gobernadora, gobernar\u201d.&nbsp;<\/p>\n\n\n\n<p>En consecuencia, destac\u00f3 que resulta importante retomar el di\u00e1logo para impulsar una reconciliaci\u00f3n que ayude al avance de la entidad.<\/p>\n\n\n\n<p>Precis\u00f3 que el gobierno de ninguna manera es un bot\u00edn, el cual tras ganar las elecciones ahora se deban repartir.<\/p>\n\n\n\n<p>\u201cGuerrero merece respeto\u201d, insisti\u00f3.<\/p>\n\n\n\n<p>Cerr\u00f3 su mensaje: \u201cSi se quiere servir realmente a Guerrero, es tiempo de hacer una pausa y demostrar que el cambio est\u00e1 en resultados que de verdad favorezcan a la poblaci\u00f3n y no a los intereses personales de nadie\u201d.<\/p>\n","protected":false},"excerpt":{"rendered":"<p>&#8211; El ex candidato de la coalici\u00f3n PRI-PRD, sostiene que preocupan la inseguridad y la polarizaci\u00f3n pol\u00edtica, pero sobre todo, que haya un grupo cercano de amigos y familiares que&hellip; <\/p>\n","protected":false},"author":21,"featured_media":41535,"comment_status":"open","ping_status":"open","sticky":false,"template":"","format":"standard","meta":{"fifu_image_url":"","fifu_image_alt":"","footnotes":""},"categories":[21],"tags":[],"class_list":["post-41534","post","type-post","status-publish","format-standard","has-post-thumbnail","hentry","category-politica"],"_links":{"self":[{"href":"https:\/\/www.interaccionnoticias.com.mx\/index.php?rest_route=\/wp\/v2\/posts\/41534","targetHints":{"allow":["GET"]}}],"collection":[{"href":"https:\/\/www.interaccionnoticias.com.mx\/index.php?rest_route=\/wp\/v2\/posts"}],"about":[{"href":"https:\/\/www.interaccionnoticias.com.mx\/index.php?rest_route=\/wp\/v2\/types\/post"}],"author":[{"embeddable":true,"href":"https:\/\/www.interaccionnoticias.com.mx\/index.php?rest_route=\/wp\/v2\/users\/21"}],"replies":[{"embeddable":true,"href":"https:\/\/www.interaccionnoticias.com.mx\/index.php?rest_route=%2Fwp%2Fv2%2Fcomments&post=41534"}],"version-history":[{"count":1,"href":"https:\/\/www.interaccionnoticias.com.mx\/index.php?rest_route=\/wp\/v2\/posts\/41534\/revisions"}],"predecessor-version":[{"id":41536,"href":"https:\/\/www.interaccionnoticias.com.mx\/index.php?rest_route=\/wp\/v2\/posts\/41534\/revisions\/41536"}],"wp:featuredmedia":[{"embeddable":true,"href":"https:\/\/www.interaccionnoticias.com.mx\/index.php?rest_route=\/wp\/v2\/media\/41535"}],"wp:attachment":[{"href":"https:\/\/www.interaccionnoticias.com.mx\/index.php?rest_route=%2Fwp%2Fv2%2Fmedia&parent=41534"}],"wp:term":[{"taxonomy":"category","embeddable":true,"href":"https:\/\/www.interaccionnoticias.com.mx\/index.php?rest_route=%2Fwp%2Fv2%2Fcategories&post=41534"},{"taxonomy":"post_tag","embeddable":true,"href":"https:\/\/www.interaccionnoticias.com.mx\/index.php?rest_route=%2Fwp%2Fv2%2Ftags&post=41534"}],"curies":[{"name":"wp","href":"https:\/\/api.w.org\/{rel}","templated":true}]}}