{"id":41527,"date":"2022-02-15T18:36:10","date_gmt":"2022-02-16T00:36:10","guid":{"rendered":"https:\/\/interaccionnoticias.com.mx\/?p=41527"},"modified":"2022-02-15T18:36:14","modified_gmt":"2022-02-16T00:36:14","slug":"amagan-con-poner-casillas-ciudadanas-en-consulta","status":"publish","type":"post","link":"https:\/\/www.interaccionnoticias.com.mx\/?p=41527","title":{"rendered":"Amagan con poner casillas ciudadanas en Consulta"},"content":{"rendered":"\n<p><strong><em>&#8211; Acusan al INE de poner obst\u00e1culos a la consulta<\/em><\/strong><\/p>\n\n\n\n<p><strong>Javier Trujillo<\/strong><\/p>\n\n\n\n<p><strong>Acapulco, Gro. \u2013<\/strong> Con la consigna de colocar casillas, en caso de ser necesario, durante la consulta popular, la presidente de la asociaci\u00f3n civil Que siga la democracia, Gabriela Jim\u00e9nez, demand\u00f3 poner la totalidad de las casillas.<\/p>\n\n\n\n<p>Los promoventes de la consulta popular, dijeron que en Guerrero se tiene una meta de aproximadamente un mill\u00f3n de votos, y mencion\u00f3 que hoy inician una gira por barrios y colonias de Acapulco.<\/p>\n\n\n\n<p>Adem\u00e1s, tambi\u00e9n realizar\u00e1n asambleas informativas, ma\u00f1ana mi\u00e9rcoles estar\u00e1n en Iguala y en Chilpancingo.<\/p>\n\n\n\n<p>Al tiempo que reclamaron que el INE insiste en poner solamente la tercera parte de las casillas.<\/p>\n\n\n\n<p>\u201cPorque le temen a la participaci\u00f3n ciudadana, exigimos que se instalen el 100 por ciento, de las casillas, o nosotros lo haremos colocando casillas ciudadanas\u201d, en un abierto ret\u00f3 al Instituto Nacional Electoral.<\/p>\n\n\n\n<p>En conferencia de prensa refiri\u00f3 que el organismo electoral insiste en colocar \u00fanicamente la tercera parte de las casillas.<\/p>\n\n\n\n<p>\u201cPorque le temen a la participaci\u00f3n ciudadana. Entonces le exigimos que como lo mandata la ley, instalen el cien por ciento de las casillas, o bien, nosotros lo haremos colocando casillas ciudadanas\u201d.<\/p>\n\n\n\n<p>En seguida, demand\u00f3 que no se pongan casillas escondidas y que se publique a tiempo su ubicaci\u00f3n, para llevar a cabo el proceso de la revocaci\u00f3n de mandato a realizarse el 10 de abril pr\u00f3ximo.<\/p>\n\n\n\n<p>\u201cQue M\u00e9xico, vaya avanzando en la democracia participativa. Somos la voz de millones de personas que han decidido que no haya ning\u00fan retroceso en la democracia en M\u00e9xico.<\/p>\n\n\n\n<p>\u201cAl contrario que la democracia participativa, es darle voz a todas las personas para que manifiesten su intensi\u00f3n\u201d, demando el ex diputado federal de MORENA, Marco Antonio Andrade Zavala.<\/p>\n\n\n\n<p>Durante una conferencia, en el puerto de Acapulco, Jim\u00e9nez Godoy estuvo acompa\u00f1ada por Marco Antonio Andrade Zavala, coordinador de la IV circunscripci\u00f3n electoral; el coordinador estatal en Guerrero, Juan Carlos Manrique Garc\u00eda, y el ex funcionario porte\u00f1o Silvestre Arizmendi.<\/p>\n","protected":false},"excerpt":{"rendered":"<p>&#8211; Acusan al INE de poner obst\u00e1culos a la consulta Javier Trujillo Acapulco, Gro. \u2013 Con la consigna de colocar casillas, en caso de ser necesario, durante la consulta popular,&hellip; <\/p>\n","protected":false},"author":3,"featured_media":41524,"comment_status":"open","ping_status":"open","sticky":false,"template":"","format":"standard","meta":{"fifu_image_url":"","fifu_image_alt":"","footnotes":""},"categories":[21],"tags":[],"class_list":["post-41527","post","type-post","status-publish","format-standard","has-post-thumbnail","hentry","category-politica"],"_links":{"self":[{"href":"https:\/\/www.interaccionnoticias.com.mx\/index.php?rest_route=\/wp\/v2\/posts\/41527","targetHints":{"allow":["GET"]}}],"collection":[{"href":"https:\/\/www.interaccionnoticias.com.mx\/index.php?rest_route=\/wp\/v2\/posts"}],"about":[{"href":"https:\/\/www.interaccionnoticias.com.mx\/index.php?rest_route=\/wp\/v2\/types\/post"}],"author":[{"embeddable":true,"href":"https:\/\/www.interaccionnoticias.com.mx\/index.php?rest_route=\/wp\/v2\/users\/3"}],"replies":[{"embeddable":true,"href":"https:\/\/www.interaccionnoticias.com.mx\/index.php?rest_route=%2Fwp%2Fv2%2Fcomments&post=41527"}],"version-history":[{"count":1,"href":"https:\/\/www.interaccionnoticias.com.mx\/index.php?rest_route=\/wp\/v2\/posts\/41527\/revisions"}],"predecessor-version":[{"id":41528,"href":"https:\/\/www.interaccionnoticias.com.mx\/index.php?rest_route=\/wp\/v2\/posts\/41527\/revisions\/41528"}],"wp:featuredmedia":[{"embeddable":true,"href":"https:\/\/www.interaccionnoticias.com.mx\/index.php?rest_route=\/wp\/v2\/media\/41524"}],"wp:attachment":[{"href":"https:\/\/www.interaccionnoticias.com.mx\/index.php?rest_route=%2Fwp%2Fv2%2Fmedia&parent=41527"}],"wp:term":[{"taxonomy":"category","embeddable":true,"href":"https:\/\/www.interaccionnoticias.com.mx\/index.php?rest_route=%2Fwp%2Fv2%2Fcategories&post=41527"},{"taxonomy":"post_tag","embeddable":true,"href":"https:\/\/www.interaccionnoticias.com.mx\/index.php?rest_route=%2Fwp%2Fv2%2Ftags&post=41527"}],"curies":[{"name":"wp","href":"https:\/\/api.w.org\/{rel}","templated":true}]}}