{"id":41512,"date":"2022-02-15T16:24:07","date_gmt":"2022-02-15T22:24:07","guid":{"rendered":"https:\/\/interaccionnoticias.com.mx\/?p=41512"},"modified":"2022-02-15T16:24:13","modified_gmt":"2022-02-15T22:24:13","slug":"grupos-pro-vida-se-reunen-con-integrantes-de-la-jucopo-en-el-congreso","status":"publish","type":"post","link":"https:\/\/www.interaccionnoticias.com.mx\/?p=41512","title":{"rendered":"Grupos pro vida se re\u00fanen con integrantes de la JUCOPO en el Congreso"},"content":{"rendered":"\n<p><strong><em>&#8211; Piden que se escuche a todas las voces interesadas en el tema<\/em><\/strong><\/p>\n\n\n\n<p><strong>Jes\u00fas Dorantes<\/strong><\/p>\n\n\n\n<p><strong>Chilpancingo , Gro .-<\/strong> Representantes de grupos religiosos pidieron a la Junta de Coordinaci\u00f3n Pol\u00edtica (JUCUPO) del Congreso local, que atraiga el tema de la despenalizaci\u00f3n del aborto en el estado de Guerrero y que se escuche a todas las voces interesadas en el tema.<\/p>\n\n\n\n<p>La jornada del martes, representantes de la \u201cAlianza Evang\u00e9lica de Guerrero\u201d expresaron a los legisladores locales su rechazo y preocupaci\u00f3n por el hecho de que se intente normalizar la pr\u00e1ctica del aborto en la entidad.<\/p>\n\n\n\n<p>En entrevista, Benjam\u00edn Fuentes, representante de la Comisi\u00f3n de Vida y Familia dio a conocer dentro de la reuni\u00f3n expusieron nuevamente su postura de que el aborto es una acci\u00f3n de violencia contra hombres, mujeres, ni\u00f1as y ni\u00f1os Guerrerenses, por lo que solicitaron que no sea utilizado dentro de las acciones para contrarrestar la violencia de g\u00e9nero.<br>\u00abEl aborto no es un derecho humano, es m\u00e1s bien, un atentado contra la vida\u00bb, anot\u00f3 el representante de los evang\u00e9licos.<\/p>\n\n\n\n<p>Por su parte, el presidente de la JUCOPO, Alfredo S\u00e1nchez Esquivel asegur\u00f3 que tras la reuni\u00f3n no existe ning\u00fan acuerdo, ni inclinaci\u00f3n por la solicitud de los representantes de las diferentes organizaciones religiosas.<br>Lo que se hizo, aclar\u00f3 el representante popular, fue otorgarles el derecho de audiencia.<\/p>\n\n\n\n<p>El tambi\u00e9n l\u00edder de la bancada de Morena, destac\u00f3 que el tema debe ser atendido por la \u201cComisi\u00f3n de Justicia\u201d correspondiente, no llegar al extremo de ser atra\u00eddo por la Junta de Coordinaci\u00f3n Pol\u00edtica, como lo plantearon los religiosos.<\/p>\n\n\n\n<p>Anticip\u00f3 que el tema se va a manejar con mucha responsabilidad, teniendo el cuidado de escuchar a todas las partes interesadas, para que no se maneje que se trat\u00f3 de una aprobaci\u00f3n \u201cal vapor\u201d.<\/p>\n","protected":false},"excerpt":{"rendered":"<p>&#8211; Piden que se escuche a todas las voces interesadas en el tema Jes\u00fas Dorantes Chilpancingo , Gro .- Representantes de grupos religiosos pidieron a la Junta de Coordinaci\u00f3n Pol\u00edtica&hellip; <\/p>\n","protected":false},"author":8,"featured_media":41510,"comment_status":"open","ping_status":"open","sticky":false,"template":"","format":"standard","meta":{"fifu_image_url":"","fifu_image_alt":"","footnotes":""},"categories":[2],"tags":[],"class_list":["post-41512","post","type-post","status-publish","format-standard","has-post-thumbnail","hentry","category-congreso"],"_links":{"self":[{"href":"https:\/\/www.interaccionnoticias.com.mx\/index.php?rest_route=\/wp\/v2\/posts\/41512","targetHints":{"allow":["GET"]}}],"collection":[{"href":"https:\/\/www.interaccionnoticias.com.mx\/index.php?rest_route=\/wp\/v2\/posts"}],"about":[{"href":"https:\/\/www.interaccionnoticias.com.mx\/index.php?rest_route=\/wp\/v2\/types\/post"}],"author":[{"embeddable":true,"href":"https:\/\/www.interaccionnoticias.com.mx\/index.php?rest_route=\/wp\/v2\/users\/8"}],"replies":[{"embeddable":true,"href":"https:\/\/www.interaccionnoticias.com.mx\/index.php?rest_route=%2Fwp%2Fv2%2Fcomments&post=41512"}],"version-history":[{"count":1,"href":"https:\/\/www.interaccionnoticias.com.mx\/index.php?rest_route=\/wp\/v2\/posts\/41512\/revisions"}],"predecessor-version":[{"id":41513,"href":"https:\/\/www.interaccionnoticias.com.mx\/index.php?rest_route=\/wp\/v2\/posts\/41512\/revisions\/41513"}],"wp:featuredmedia":[{"embeddable":true,"href":"https:\/\/www.interaccionnoticias.com.mx\/index.php?rest_route=\/wp\/v2\/media\/41510"}],"wp:attachment":[{"href":"https:\/\/www.interaccionnoticias.com.mx\/index.php?rest_route=%2Fwp%2Fv2%2Fmedia&parent=41512"}],"wp:term":[{"taxonomy":"category","embeddable":true,"href":"https:\/\/www.interaccionnoticias.com.mx\/index.php?rest_route=%2Fwp%2Fv2%2Fcategories&post=41512"},{"taxonomy":"post_tag","embeddable":true,"href":"https:\/\/www.interaccionnoticias.com.mx\/index.php?rest_route=%2Fwp%2Fv2%2Ftags&post=41512"}],"curies":[{"name":"wp","href":"https:\/\/api.w.org\/{rel}","templated":true}]}}