{"id":41505,"date":"2022-02-15T15:44:07","date_gmt":"2022-02-15T21:44:07","guid":{"rendered":"https:\/\/interaccionnoticias.com.mx\/?p=41505"},"modified":"2022-02-15T15:44:13","modified_gmt":"2022-02-15T21:44:13","slug":"muere-hombre-de-65-anos-tras-ser-atropellado-en-tierra-colorada","status":"publish","type":"post","link":"https:\/\/www.interaccionnoticias.com.mx\/?p=41505","title":{"rendered":"Muere hombre de 65 a\u00f1os tras ser atropellado en Tierra Colorada"},"content":{"rendered":"\n<p><strong>Jes\u00fas Dorantes<\/strong><\/p>\n\n\n\n<p><strong>Chilpancingo , Gro .- <\/strong>Un hombre de 65 a\u00f1os de edad perdi\u00f3 la vida tras ser arrollado por un veh\u00edculo la jornada del martes en Tierra Colorada cabecera municipal de Juan R. Escudero.<\/p>\n\n\n\n<p>Pasadas las 10:00 horas sobre la carretera federal M\u00e9xico \u2013 Acapulco fue arrollado el se\u00f1or Agust\u00edn \u201cN\u201d por un veh\u00edculo que circulaba a exceso de velocidad , en la referida comunidad.<\/p>\n\n\n\n<p>Los reportes indican que debido al impacto del veh\u00edculo la v\u00edctima tuvo un fuerte golpe en la cabeza, que caus\u00f3 su muerte instant\u00e1nea.<\/p>\n\n\n\n<p>Tras el incidente acudieron param\u00e9dicos de Protecci\u00f3n Civil a brindar la atenci\u00f3n m\u00e9dica y al llegar al lugar confirmaron el deceso, por lo que polic\u00eda municipal acordonaron la zona.<\/p>\n\n\n\n<p>Posteriormente agentes de la Fiscal\u00eda General del Estado realizaron las diligencias de ley.<\/p>\n","protected":false},"excerpt":{"rendered":"<p>Jes\u00fas Dorantes Chilpancingo , Gro .- Un hombre de 65 a\u00f1os de edad perdi\u00f3 la vida tras ser arrollado por un veh\u00edculo la jornada del martes en Tierra Colorada cabecera&hellip; <\/p>\n","protected":false},"author":8,"featured_media":41506,"comment_status":"open","ping_status":"open","sticky":false,"template":"","format":"standard","meta":{"fifu_image_url":"","fifu_image_alt":"","footnotes":""},"categories":[27],"tags":[],"class_list":["post-41505","post","type-post","status-publish","format-standard","has-post-thumbnail","hentry","category-seguridad-publica"],"_links":{"self":[{"href":"https:\/\/www.interaccionnoticias.com.mx\/index.php?rest_route=\/wp\/v2\/posts\/41505","targetHints":{"allow":["GET"]}}],"collection":[{"href":"https:\/\/www.interaccionnoticias.com.mx\/index.php?rest_route=\/wp\/v2\/posts"}],"about":[{"href":"https:\/\/www.interaccionnoticias.com.mx\/index.php?rest_route=\/wp\/v2\/types\/post"}],"author":[{"embeddable":true,"href":"https:\/\/www.interaccionnoticias.com.mx\/index.php?rest_route=\/wp\/v2\/users\/8"}],"replies":[{"embeddable":true,"href":"https:\/\/www.interaccionnoticias.com.mx\/index.php?rest_route=%2Fwp%2Fv2%2Fcomments&post=41505"}],"version-history":[{"count":1,"href":"https:\/\/www.interaccionnoticias.com.mx\/index.php?rest_route=\/wp\/v2\/posts\/41505\/revisions"}],"predecessor-version":[{"id":41507,"href":"https:\/\/www.interaccionnoticias.com.mx\/index.php?rest_route=\/wp\/v2\/posts\/41505\/revisions\/41507"}],"wp:featuredmedia":[{"embeddable":true,"href":"https:\/\/www.interaccionnoticias.com.mx\/index.php?rest_route=\/wp\/v2\/media\/41506"}],"wp:attachment":[{"href":"https:\/\/www.interaccionnoticias.com.mx\/index.php?rest_route=%2Fwp%2Fv2%2Fmedia&parent=41505"}],"wp:term":[{"taxonomy":"category","embeddable":true,"href":"https:\/\/www.interaccionnoticias.com.mx\/index.php?rest_route=%2Fwp%2Fv2%2Fcategories&post=41505"},{"taxonomy":"post_tag","embeddable":true,"href":"https:\/\/www.interaccionnoticias.com.mx\/index.php?rest_route=%2Fwp%2Fv2%2Ftags&post=41505"}],"curies":[{"name":"wp","href":"https:\/\/api.w.org\/{rel}","templated":true}]}}