{"id":41474,"date":"2022-02-14T18:35:02","date_gmt":"2022-02-15T00:35:02","guid":{"rendered":"https:\/\/interaccionnoticias.com.mx\/?p=41474"},"modified":"2022-02-14T18:35:07","modified_gmt":"2022-02-15T00:35:07","slug":"a-pesar-del-cambio-a-semaforo-amarillo-en-guerrero-continuan-las-clases-presenciales-en-el-36-por-ciento-de-los-11-mil-planteles","status":"publish","type":"post","link":"https:\/\/www.interaccionnoticias.com.mx\/?p=41474","title":{"rendered":"A pesar del cambio a Sem\u00e1foro Amarillo, en Guerrero contin\u00faan las clases presenciales en el 36 por ciento de los 11 mil planteles"},"content":{"rendered":"\n<p><strong>Rosario Garc\u00eda Orozco<\/strong><\/p>\n\n\n\n<p><strong>Chilpancingo, Gro., 14 de febrero de 2022.-<\/strong> A pesar del cambio en el sem\u00e1foro epidemiol\u00f3gico a Amarillo, la Secretaria de Educaci\u00f3n Guerrero (Seg) inform\u00f3 que las clases presenciales se mantiene en el 36 por ciento de los 11 mil planteles del estado.<\/p>\n\n\n\n<p>Mientras que en el 39 por ciento se tienen clases de manera h\u00edbrida y el 25 por ciento son a distancia, dio a conocer el secretario de Educaci\u00f3n Guerrero, Marcia Rodr\u00edguez Salda\u00f1a.<\/p>\n\n\n\n<p>El funcionario estatal mencion\u00f3 que se puede seguir de manera presencial en los planteles donde haya las condiciones y as\u00ed lo acuerden los padres de familia y maestros.<\/p>\n\n\n\n<p>\u00abLas clases presenciales&nbsp;&nbsp;contin\u00faan, as\u00ed lo establece el acuerdo publicado por el Diario Oficial del Gobierno del Estado de Guerrero en el que se dan a conocer los porcentajes de ocupaci\u00f3n y horarios de funcionamiento de diversas actividades esenciales y no esenciales\u00bb, record\u00f3 Rodr\u00edguez Salda\u00f1a.&nbsp;<\/p>\n\n\n\n<p>De acuerdo a ese documento difundido en redes sociales y otros medios de comunicaci\u00f3n,&nbsp;&nbsp;&nbsp;\u201cel retorno a las escuelas ser\u00e1 voluntario y las clases podr\u00e1n ser virtuales, h\u00edbridas o presenciales\u201d.&nbsp;<\/p>\n\n\n\n<p>La recomendaci\u00f3n es reforzar las medidas sanitarias de acuerdo a lo que marcan las instancias de salud estatal y federal, expres\u00f3 Marcial Rodr\u00edguez.<\/p>\n\n\n\n<p>El titular de la SEG neg\u00f3 que las clases presenciales afecten la salud de maestros y ni\u00f1os, porque se cuidan los protocolos, pero son acuerdos que deben tomarse en cada plantel.<\/p>\n","protected":false},"excerpt":{"rendered":"<p>Rosario Garc\u00eda Orozco Chilpancingo, Gro., 14 de febrero de 2022.- A pesar del cambio en el sem\u00e1foro epidemiol\u00f3gico a Amarillo, la Secretaria de Educaci\u00f3n Guerrero (Seg) inform\u00f3 que las clases&hellip; <\/p>\n","protected":false},"author":14,"featured_media":41475,"comment_status":"open","ping_status":"open","sticky":false,"template":"","format":"standard","meta":{"fifu_image_url":"","fifu_image_alt":"","footnotes":""},"categories":[6],"tags":[],"class_list":["post-41474","post","type-post","status-publish","format-standard","has-post-thumbnail","hentry","category-educacion"],"_links":{"self":[{"href":"https:\/\/www.interaccionnoticias.com.mx\/index.php?rest_route=\/wp\/v2\/posts\/41474","targetHints":{"allow":["GET"]}}],"collection":[{"href":"https:\/\/www.interaccionnoticias.com.mx\/index.php?rest_route=\/wp\/v2\/posts"}],"about":[{"href":"https:\/\/www.interaccionnoticias.com.mx\/index.php?rest_route=\/wp\/v2\/types\/post"}],"author":[{"embeddable":true,"href":"https:\/\/www.interaccionnoticias.com.mx\/index.php?rest_route=\/wp\/v2\/users\/14"}],"replies":[{"embeddable":true,"href":"https:\/\/www.interaccionnoticias.com.mx\/index.php?rest_route=%2Fwp%2Fv2%2Fcomments&post=41474"}],"version-history":[{"count":1,"href":"https:\/\/www.interaccionnoticias.com.mx\/index.php?rest_route=\/wp\/v2\/posts\/41474\/revisions"}],"predecessor-version":[{"id":41476,"href":"https:\/\/www.interaccionnoticias.com.mx\/index.php?rest_route=\/wp\/v2\/posts\/41474\/revisions\/41476"}],"wp:featuredmedia":[{"embeddable":true,"href":"https:\/\/www.interaccionnoticias.com.mx\/index.php?rest_route=\/wp\/v2\/media\/41475"}],"wp:attachment":[{"href":"https:\/\/www.interaccionnoticias.com.mx\/index.php?rest_route=%2Fwp%2Fv2%2Fmedia&parent=41474"}],"wp:term":[{"taxonomy":"category","embeddable":true,"href":"https:\/\/www.interaccionnoticias.com.mx\/index.php?rest_route=%2Fwp%2Fv2%2Fcategories&post=41474"},{"taxonomy":"post_tag","embeddable":true,"href":"https:\/\/www.interaccionnoticias.com.mx\/index.php?rest_route=%2Fwp%2Fv2%2Ftags&post=41474"}],"curies":[{"name":"wp","href":"https:\/\/api.w.org\/{rel}","templated":true}]}}