{"id":41468,"date":"2022-02-14T18:10:28","date_gmt":"2022-02-15T00:10:28","guid":{"rendered":"https:\/\/interaccionnoticias.com.mx\/?p=41468"},"modified":"2022-02-14T18:10:32","modified_gmt":"2022-02-15T00:10:32","slug":"protesta-ceteg-por-ausencia-de-secretario-de-educacion-en-mesa-de-dialogo","status":"publish","type":"post","link":"https:\/\/www.interaccionnoticias.com.mx\/?p=41468","title":{"rendered":"Protesta CETEG por ausencia de secretario de educaci\u00f3n en mesa de di\u00e1logo"},"content":{"rendered":"\n<p><strong>Jes\u00fas Dorantes<\/strong><\/p>\n\n\n\n<p><strong>Chilpancingo , Gro .-<\/strong> Profesores de la Coordinadora Estatal de Trabajadores de la Educaci\u00f3n en Guerrero (CETEG) se manifestaron en las puertas del Recinto del Poder Ejecutivo ante de la ausencia del secretario de educaci\u00f3n Marcial Rodr\u00edguez Salda\u00f1a en una mesa de di\u00e1logo pactada para el lunes.<\/p>\n\n\n\n<p>Pasadas las 14:00 un grupo de al menos 50 profesores de la CETEG&nbsp; bloquearon los carriles Norte \u2013 Sur del boulevard Ren\u00e9 Ju\u00e1rez Cisneros y la entrada del Palacio de Gobierno.<\/p>\n\n\n\n<p>En entrevista el profesor V\u00edctor Bartolo de la Cruz refiri\u00f3 que acudieron a una reuni\u00f3n con Rodr\u00edguez Salda\u00f1a pactada desde el pasado 18 de enero del a\u00f1o en curso, de la cual se retiraron al darse cuenta que en representaci\u00f3n del titular de educaci\u00f3n estatal hab\u00edan enviando colaboradores de tercer y cuarto nivel.<\/p>\n\n\n\n<p>Tomando la ausencia del funcionario del gabinete estatal como una falta de respeto, por lo que se trasladaron al Recinto del Poder Ejecutivo para realizar un llamado a la gobernadora Evelyn Salgado Pineda para que revise la situaci\u00f3n precaria en la que se mantiene la Secretar\u00eda de Educaci\u00f3n.<\/p>\n\n\n\n<p>Solicit\u00e1ndole que todo aquel funcionario que no cumpla con el perfil y de resultados sea retirado del cargo, adem\u00e1s de que no se permita que por alg\u00fan compromiso pol\u00edtico personas permanecen en cargos p\u00fablicos sin tener el perfil adecuado.<\/p>\n","protected":false},"excerpt":{"rendered":"<p>Jes\u00fas Dorantes Chilpancingo , Gro .- Profesores de la Coordinadora Estatal de Trabajadores de la Educaci\u00f3n en Guerrero (CETEG) se manifestaron en las puertas del Recinto del Poder Ejecutivo ante&hellip; <\/p>\n","protected":false},"author":8,"featured_media":41469,"comment_status":"open","ping_status":"open","sticky":false,"template":"","format":"standard","meta":{"fifu_image_url":"","fifu_image_alt":"","footnotes":""},"categories":[6],"tags":[],"class_list":["post-41468","post","type-post","status-publish","format-standard","has-post-thumbnail","hentry","category-educacion"],"_links":{"self":[{"href":"https:\/\/www.interaccionnoticias.com.mx\/index.php?rest_route=\/wp\/v2\/posts\/41468","targetHints":{"allow":["GET"]}}],"collection":[{"href":"https:\/\/www.interaccionnoticias.com.mx\/index.php?rest_route=\/wp\/v2\/posts"}],"about":[{"href":"https:\/\/www.interaccionnoticias.com.mx\/index.php?rest_route=\/wp\/v2\/types\/post"}],"author":[{"embeddable":true,"href":"https:\/\/www.interaccionnoticias.com.mx\/index.php?rest_route=\/wp\/v2\/users\/8"}],"replies":[{"embeddable":true,"href":"https:\/\/www.interaccionnoticias.com.mx\/index.php?rest_route=%2Fwp%2Fv2%2Fcomments&post=41468"}],"version-history":[{"count":1,"href":"https:\/\/www.interaccionnoticias.com.mx\/index.php?rest_route=\/wp\/v2\/posts\/41468\/revisions"}],"predecessor-version":[{"id":41470,"href":"https:\/\/www.interaccionnoticias.com.mx\/index.php?rest_route=\/wp\/v2\/posts\/41468\/revisions\/41470"}],"wp:featuredmedia":[{"embeddable":true,"href":"https:\/\/www.interaccionnoticias.com.mx\/index.php?rest_route=\/wp\/v2\/media\/41469"}],"wp:attachment":[{"href":"https:\/\/www.interaccionnoticias.com.mx\/index.php?rest_route=%2Fwp%2Fv2%2Fmedia&parent=41468"}],"wp:term":[{"taxonomy":"category","embeddable":true,"href":"https:\/\/www.interaccionnoticias.com.mx\/index.php?rest_route=%2Fwp%2Fv2%2Fcategories&post=41468"},{"taxonomy":"post_tag","embeddable":true,"href":"https:\/\/www.interaccionnoticias.com.mx\/index.php?rest_route=%2Fwp%2Fv2%2Ftags&post=41468"}],"curies":[{"name":"wp","href":"https:\/\/api.w.org\/{rel}","templated":true}]}}