{"id":41465,"date":"2022-02-14T14:11:55","date_gmt":"2022-02-14T20:11:55","guid":{"rendered":"https:\/\/interaccionnoticias.com.mx\/?p=41465"},"modified":"2022-02-14T14:11:59","modified_gmt":"2022-02-14T20:11:59","slug":"reporteros-de-chilpancingo-protestan-en-fgr","status":"publish","type":"post","link":"https:\/\/www.interaccionnoticias.com.mx\/?p=41465","title":{"rendered":"Reporteros de Chilpancingo protestan en FGR"},"content":{"rendered":"\n<p><strong>Jes\u00fas Dorantes<\/strong><\/p>\n\n\n\n<p><strong>Chilpancingo , Gro .-<\/strong> Trabajadores de\u00a0 diferentes medios de comunicaci\u00f3n del estado de Guerrero, protestaron en las instalaciones de la Fiscal\u00eda General de la Rep\u00fablica (FGR) en Chilpancingo para exigir garant\u00edas justicia en los cinco cr\u00edmenes cometidos en agravio de comunicadores de todo el pa\u00eds.<\/p>\n\n\n\n<p>La protesta se llev\u00f3 a cabo pasadas las 13:00 horas en el exterior de la FGR, ubicada al sur de la capital, d\u00f3nde fueron colocadas sillas con las fotograf\u00edas de los cinco comunicadores ca\u00eddos en diferentes estados de la rep\u00fablica en lo que va del 2022.<\/p>\n\n\n\n<p>La movilizaci\u00f3n se sum\u00f3 a las que se realizan a nivel nacional durante la jornada del 14 de febrero, en las que se exige al presidente de la rep\u00fablica Andres Manuel L\u00f3pez Obrador que se den la garant\u00edas de seguridad para ejercer la labor period\u00edstica y se frene el hostigamiento y acusaciones de su administraci\u00f3n.<\/p>\n\n\n\n<p>Durante la protesta tambi\u00e9n fueron realizadas pintas en los muros de la Fiscal\u00eda con las leyendas \u00abNo se mata la verdad, mat\u00e1ndo periodistas\u00bb, \u00abNo m\u00e1s periodistas&nbsp; en sus listas\u00bb , \u00abPeriodismo en Riesgo\u00bb y \u00abSi me matan me callan\u00bb.<\/p>\n\n\n\n<p>Adem\u00e1s de realizar un deslinde del caso del periodista Loret de Mola, el cual se encuentra fuera de los casos de violencia ejercida en contra de los diferentes medios de comunicaci\u00f3n.<\/p>\n\n\n\n<p>En su intervenci\u00f3n el comunicador Sergio Ocampo asegur\u00f3 que la labor period\u00edstica debe ejercerse sin medidas cautelares, sin limitaciones ni amenazas, por lo que es indispensable que no se use al crimen organizado para silenciar a los comunicadores que incomodan a pol\u00edticos y gobiernos de todos los niveles.<\/p>\n","protected":false},"excerpt":{"rendered":"<p>Jes\u00fas Dorantes Chilpancingo , Gro .- Trabajadores de\u00a0 diferentes medios de comunicaci\u00f3n del estado de Guerrero, protestaron en las instalaciones de la Fiscal\u00eda General de la Rep\u00fablica (FGR) en Chilpancingo&hellip; <\/p>\n","protected":false},"author":8,"featured_media":41466,"comment_status":"open","ping_status":"open","sticky":false,"template":"","format":"standard","meta":{"fifu_image_url":"","fifu_image_alt":"","footnotes":""},"categories":[15],"tags":[],"class_list":["post-41465","post","type-post","status-publish","format-standard","has-post-thumbnail","hentry","category-movimientos-sociales"],"_links":{"self":[{"href":"https:\/\/www.interaccionnoticias.com.mx\/index.php?rest_route=\/wp\/v2\/posts\/41465","targetHints":{"allow":["GET"]}}],"collection":[{"href":"https:\/\/www.interaccionnoticias.com.mx\/index.php?rest_route=\/wp\/v2\/posts"}],"about":[{"href":"https:\/\/www.interaccionnoticias.com.mx\/index.php?rest_route=\/wp\/v2\/types\/post"}],"author":[{"embeddable":true,"href":"https:\/\/www.interaccionnoticias.com.mx\/index.php?rest_route=\/wp\/v2\/users\/8"}],"replies":[{"embeddable":true,"href":"https:\/\/www.interaccionnoticias.com.mx\/index.php?rest_route=%2Fwp%2Fv2%2Fcomments&post=41465"}],"version-history":[{"count":1,"href":"https:\/\/www.interaccionnoticias.com.mx\/index.php?rest_route=\/wp\/v2\/posts\/41465\/revisions"}],"predecessor-version":[{"id":41467,"href":"https:\/\/www.interaccionnoticias.com.mx\/index.php?rest_route=\/wp\/v2\/posts\/41465\/revisions\/41467"}],"wp:featuredmedia":[{"embeddable":true,"href":"https:\/\/www.interaccionnoticias.com.mx\/index.php?rest_route=\/wp\/v2\/media\/41466"}],"wp:attachment":[{"href":"https:\/\/www.interaccionnoticias.com.mx\/index.php?rest_route=%2Fwp%2Fv2%2Fmedia&parent=41465"}],"wp:term":[{"taxonomy":"category","embeddable":true,"href":"https:\/\/www.interaccionnoticias.com.mx\/index.php?rest_route=%2Fwp%2Fv2%2Fcategories&post=41465"},{"taxonomy":"post_tag","embeddable":true,"href":"https:\/\/www.interaccionnoticias.com.mx\/index.php?rest_route=%2Fwp%2Fv2%2Ftags&post=41465"}],"curies":[{"name":"wp","href":"https:\/\/api.w.org\/{rel}","templated":true}]}}