{"id":41459,"date":"2022-02-14T12:42:49","date_gmt":"2022-02-14T18:42:49","guid":{"rendered":"https:\/\/interaccionnoticias.com.mx\/?p=41459"},"modified":"2022-02-14T12:42:53","modified_gmt":"2022-02-14T18:42:53","slug":"llama-evelyn-salgado-a-transitar-por-la-ruta-del-dialogo","status":"publish","type":"post","link":"https:\/\/www.interaccionnoticias.com.mx\/?p=41459","title":{"rendered":"Llama Evelyn Salgado a transitar por la ruta del di\u00e1logo"},"content":{"rendered":"\n<p><strong><em>&#8211; Preside la gobernadora el homenaje mensual a la Bandera Nacional<\/em><\/strong><\/p>\n\n\n\n<p><strong>Chilpancingo, Gro., 14 de febrero de 2022.- <\/strong>La gobernadora Evelyn Salgado Pineda asegur\u00f3 que el gobierno que encabeza seguir\u00e1 transitando por la ruta del di\u00e1logo \u201cdel trabajo institucional por Guerrero y por su gente\u201d, lo anterior durante el homenaje a la Bandera Nacional realizado en la explanada de la casa del pueblo y para conmemorar el aniversario de la Constituci\u00f3n Pol\u00edtica de los Estados Unidos Mexicanos de 1917.<\/p>\n\n\n\n<p>La mandataria estatal convoc\u00f3 a los guerrerenses a seguir trabajando \u201cPara que se refleje la visi\u00f3n de los derechos fundamentales establecidos en nuestra Constituci\u00f3n\u201d agreg\u00f3 que en Guerrero la esencia de nuestra Constituci\u00f3n y de la revoluci\u00f3n social, se mantiene en todas y todos y ustedes en sus acciones por el pueblo de Guerrero\u201d.<\/p>\n\n\n\n<p>Salgado Pineda expres\u00f3 \u201cSigamos caminando juntas y juntos en la ruta del di\u00e1logo, en la ruta del trabajo institucional por Guerrero y por su gente; que las mujeres y hombres que los precedieron, nos den la fuerza para el presente y futuro pr\u00f3spero y en la unidad que Guerrero necesita\u201d.<\/p>\n\n\n\n<p>Sobre la Constituci\u00f3n Pol\u00edtica refiri\u00f3 que este documento consagra la soberan\u00eda popular, el federalismo el municipio libre y el voto universal, \u201cque son algunos de los principios sobre los que se sostiene el Estado mexicano y que fueron rescatados de la esencia de los Sentimientos de la Naci\u00f3n, documento proclamado aqu\u00ed en la capital por el general\u00edsimo Jos\u00e9 Mar\u00eda Morelos y Pav\u00f3n\u201d.<\/p>\n\n\n\n<p>Mencion\u00f3 que ese texto \u201csin lugar a dudas es el origen del constitucionalismo mexicano que hoy celebramos y tambi\u00e9n rendimos homenaje al esp\u00edritu liberal de don Venustiano Carranza y de los constituyentes de 1917, incluidas las mujeres de ideas progresistas que consagraron la liberaci\u00f3n y emancipaci\u00f3n de todas como Hermila Galindo que a los 20 a\u00f1os, solicito al congreso constituyente de Quer\u00e9taro el voto femenino en 1917 \u201c.<\/p>\n\n\n\n<p>Al evento acudieron el presidente del Tribunal Superior de Justicia, Raymundo Casarrubias V\u00e1zquez; el general Celestino \u00c1vila Astudillo, comandante de la novena regi\u00f3n militar; Rafael L\u00f3pez Mart\u00ednez jefe de la Octava Regi\u00f3n Naval; Enrique Mart\u00ednez L\u00f3pez, Comandante de la 35 zona militar; el comisario Lucio Vergara G\u00f3mez, coordinador de la Guardia Nacional en el estado; Sandra Luz Baldovinos Salmer\u00f3n, fiscal estatal; Jes\u00fas Eugenio Uri\u00f3stegui, jefe de oficina, la presidenta municipal de Chilpancingo, Norma Otilia Hern\u00e1ndez Mart\u00ednez; el delegado de Programas para el Desarrollo del Estado de Guerrero, Iv\u00e1n Hern\u00e1ndez D\u00edaz y el secretario t\u00e9cnico de la mesa de coordinaci\u00f3n para la construcci\u00f3n de la paz, Hermes Teodoro Gonz\u00e1lez.<\/p>\n","protected":false},"excerpt":{"rendered":"<p>&#8211; Preside la gobernadora el homenaje mensual a la Bandera Nacional Chilpancingo, Gro., 14 de febrero de 2022.- La gobernadora Evelyn Salgado Pineda asegur\u00f3 que el gobierno que encabeza seguir\u00e1&hellip; <\/p>\n","protected":false},"author":19,"featured_media":41460,"comment_status":"open","ping_status":"open","sticky":false,"template":"","format":"standard","meta":{"fifu_image_url":"","fifu_image_alt":"","footnotes":""},"categories":[11],"tags":[],"class_list":["post-41459","post","type-post","status-publish","format-standard","has-post-thumbnail","hentry","category-guerrero"],"_links":{"self":[{"href":"https:\/\/www.interaccionnoticias.com.mx\/index.php?rest_route=\/wp\/v2\/posts\/41459","targetHints":{"allow":["GET"]}}],"collection":[{"href":"https:\/\/www.interaccionnoticias.com.mx\/index.php?rest_route=\/wp\/v2\/posts"}],"about":[{"href":"https:\/\/www.interaccionnoticias.com.mx\/index.php?rest_route=\/wp\/v2\/types\/post"}],"author":[{"embeddable":true,"href":"https:\/\/www.interaccionnoticias.com.mx\/index.php?rest_route=\/wp\/v2\/users\/19"}],"replies":[{"embeddable":true,"href":"https:\/\/www.interaccionnoticias.com.mx\/index.php?rest_route=%2Fwp%2Fv2%2Fcomments&post=41459"}],"version-history":[{"count":1,"href":"https:\/\/www.interaccionnoticias.com.mx\/index.php?rest_route=\/wp\/v2\/posts\/41459\/revisions"}],"predecessor-version":[{"id":41462,"href":"https:\/\/www.interaccionnoticias.com.mx\/index.php?rest_route=\/wp\/v2\/posts\/41459\/revisions\/41462"}],"wp:featuredmedia":[{"embeddable":true,"href":"https:\/\/www.interaccionnoticias.com.mx\/index.php?rest_route=\/wp\/v2\/media\/41460"}],"wp:attachment":[{"href":"https:\/\/www.interaccionnoticias.com.mx\/index.php?rest_route=%2Fwp%2Fv2%2Fmedia&parent=41459"}],"wp:term":[{"taxonomy":"category","embeddable":true,"href":"https:\/\/www.interaccionnoticias.com.mx\/index.php?rest_route=%2Fwp%2Fv2%2Fcategories&post=41459"},{"taxonomy":"post_tag","embeddable":true,"href":"https:\/\/www.interaccionnoticias.com.mx\/index.php?rest_route=%2Fwp%2Fv2%2Ftags&post=41459"}],"curies":[{"name":"wp","href":"https:\/\/api.w.org\/{rel}","templated":true}]}}