{"id":41456,"date":"2022-02-14T11:32:35","date_gmt":"2022-02-14T17:32:35","guid":{"rendered":"https:\/\/interaccionnoticias.com.mx\/?p=41456"},"modified":"2022-02-14T11:32:40","modified_gmt":"2022-02-14T17:32:40","slug":"reaparecen-policias-antimotines-para-evitar-bloqueo-en-la-autopista-del-sol","status":"publish","type":"post","link":"https:\/\/www.interaccionnoticias.com.mx\/?p=41456","title":{"rendered":"Reaparecen polic\u00edas antimotines para evitar bloqueo en la Autopista del Sol"},"content":{"rendered":"\n<p><strong><em>&#8211; Por primera vez en la administraci\u00f3n de Evelyn Salgado, resguardan El Parador del Marqu\u00e9s<\/em><\/strong><\/p>\n\n\n\n<p><strong>Jes\u00fas Dorantes<\/strong><\/p>\n\n\n\n<p><strong>Chilpancingo , Gro . \u2013<\/strong> La ma\u00f1ana del lunes tras 123 del gobierno de Evelyn Salgado Pineda un \u00a0grupo elementos de la Secretar\u00eda de Seguridad P\u00fablica (SSP) del estado, equipados como antimotines vigilaron el Parador de Marqu\u00e9s, ante la advertencia de un posible bloqueo a la Autopista del Sol.<\/p>\n\n\n\n<p>Desde el inicio de la actual administraci\u00f3n, se asegur\u00f3 que no se utilizar\u00eda la fuerza p\u00fablica para reprimir protestas, dando como ejemplo el retiro de las vallas met\u00e1licas que proteg\u00edan la entrada del Recinto Oficial del Poder Ejecutivo local.<\/p>\n\n\n\n<p>Durante la jornada del domingo 13 de febrero, fueron anunciadas distintas protestas en la capital del estado, una de ellas se llevar\u00eda a cabo en el Parador de Marqu\u00e9s por parte de personal de contrato de la Secretar\u00eda de Salud.<\/p>\n\n\n\n<p>Ante este posible bloqueo, la ma\u00f1ana del lunes, en la salida sur de la capital del estado, un cami\u00f3n de polic\u00edas del estado con equipo antimotines permanec\u00eda a la espera de recibir \u00f3rdenes, mientras que ten\u00edan el respaldo de m\u00e1s elementos que llegaron a bordo de seis patrullas m\u00e1s.<\/p>\n\n\n\n<p>En el lugar se dieron cita al menos 20 trabajadores de la Secretar\u00eda de Salud, que desistieron de su protestas tras ser atendidos por Rafael Julian Arcos, director de negociaciones de la Secretar\u00eda General de Gobierno.<\/p>\n\n\n\n<p>Hasta el momento no hay riesgo de bloqueo en la carretera de cuota.<\/p>\n","protected":false},"excerpt":{"rendered":"<p>&#8211; Por primera vez en la administraci\u00f3n de Evelyn Salgado, resguardan El Parador del Marqu\u00e9s Jes\u00fas Dorantes Chilpancingo , Gro . \u2013 La ma\u00f1ana del lunes tras 123 del gobierno&hellip; <\/p>\n","protected":false},"author":8,"featured_media":41457,"comment_status":"open","ping_status":"open","sticky":false,"template":"","format":"standard","meta":{"fifu_image_url":"","fifu_image_alt":"","footnotes":""},"categories":[27],"tags":[],"class_list":["post-41456","post","type-post","status-publish","format-standard","has-post-thumbnail","hentry","category-seguridad-publica"],"_links":{"self":[{"href":"https:\/\/www.interaccionnoticias.com.mx\/index.php?rest_route=\/wp\/v2\/posts\/41456","targetHints":{"allow":["GET"]}}],"collection":[{"href":"https:\/\/www.interaccionnoticias.com.mx\/index.php?rest_route=\/wp\/v2\/posts"}],"about":[{"href":"https:\/\/www.interaccionnoticias.com.mx\/index.php?rest_route=\/wp\/v2\/types\/post"}],"author":[{"embeddable":true,"href":"https:\/\/www.interaccionnoticias.com.mx\/index.php?rest_route=\/wp\/v2\/users\/8"}],"replies":[{"embeddable":true,"href":"https:\/\/www.interaccionnoticias.com.mx\/index.php?rest_route=%2Fwp%2Fv2%2Fcomments&post=41456"}],"version-history":[{"count":1,"href":"https:\/\/www.interaccionnoticias.com.mx\/index.php?rest_route=\/wp\/v2\/posts\/41456\/revisions"}],"predecessor-version":[{"id":41458,"href":"https:\/\/www.interaccionnoticias.com.mx\/index.php?rest_route=\/wp\/v2\/posts\/41456\/revisions\/41458"}],"wp:featuredmedia":[{"embeddable":true,"href":"https:\/\/www.interaccionnoticias.com.mx\/index.php?rest_route=\/wp\/v2\/media\/41457"}],"wp:attachment":[{"href":"https:\/\/www.interaccionnoticias.com.mx\/index.php?rest_route=%2Fwp%2Fv2%2Fmedia&parent=41456"}],"wp:term":[{"taxonomy":"category","embeddable":true,"href":"https:\/\/www.interaccionnoticias.com.mx\/index.php?rest_route=%2Fwp%2Fv2%2Fcategories&post=41456"},{"taxonomy":"post_tag","embeddable":true,"href":"https:\/\/www.interaccionnoticias.com.mx\/index.php?rest_route=%2Fwp%2Fv2%2Ftags&post=41456"}],"curies":[{"name":"wp","href":"https:\/\/api.w.org\/{rel}","templated":true}]}}