{"id":41453,"date":"2022-02-13T20:26:08","date_gmt":"2022-02-14T02:26:08","guid":{"rendered":"https:\/\/interaccionnoticias.com.mx\/?p=41453"},"modified":"2022-02-13T20:26:13","modified_gmt":"2022-02-14T02:26:13","slug":"entran-ejercito-y-guardia-nacional-a-zona-controlada-por-los-ardillos","status":"publish","type":"post","link":"https:\/\/www.interaccionnoticias.com.mx\/?p=41453","title":{"rendered":"Entran Ejercito y Guardia Nacional a zona controlada por \u201cLos Ardillos\u201d"},"content":{"rendered":"\n<p><strong><em>&#8211; El despliegue genera expectaci\u00f3n, la Mesa Central aclara que se trata de recoridos de vigilancia normales<\/em><\/strong><\/p>\n\n\n\n<p><strong>Sni<\/strong><\/p>\n\n\n\n<p>Trabajos de vigilancia de personal del Ej\u00e9rcito Mexicano y la Guyardia Nacional (GN) generaron expectaci\u00f3n en el circuito R\u00edos Azul, particularmente en las inmediaciones de los municipios Chilpancingo, Mochil\u00e1n y Quechultenango.<\/p>\n\n\n\n<p>La jornada del domingo, personal del Ej\u00e9rcito Mexicano y de la Gardia Nacional (GN) realizaron un despliegue desde el municipio de Chilapa hacia las inmediaciones de Quechultenango.<\/p>\n\n\n\n<p>Se conoci\u00f3 que un grupo importante con personal de ambas instituciones, dependientes del Gobierno de la Rep\u00fablica ingres\u00f3 tambi\u00e1n hacia el circuito r\u00edo azul por las rutas de terracer\u00eda que llegan desde la comunidad de Acahuizotla, en el municipio de Chilpancingo.<\/p>\n\n\n\n<p>El despliegue de personal federal llam\u00f3 la atenci\u00f3n, porque se trata de la ruta en que tiene presencia el grupo delictivo conocido como \u201cLos Ardillos\u201d.<\/p>\n\n\n\n<p>Al consultar informaci\u00f3n con las instituciones locales, se conoci\u00f3 que en el despliegue solo participan elementos militares y de la Guardia Nacional.<\/p>\n\n\n\n<p>Al seno de la Mesa Central para la Construcci\u00f3n de la Paz, se indic\u00f3 que se trata de movimientos de vigilancia de rutina, aunque el hecho de que los grupos se concentraran en un punto cerca de Quechultenango gener\u00f3 expectativa.<\/p>\n\n\n\n<p>El 27 de enero pasado, tras los ataques registrados en la base de operaciones de Buena Vista de la Salud, donde murieron cuatro autodefensas de la Uni\u00f3n de Pueblos y Organizaciones del Estado de Guerrero (UPOEG), el entonces obispo de la Di\u00f3cesis Chilpancingo-Chilapa, Salvador Rangel Mendoza manifest\u00f3 que la zona controlada por \u201cLos Ardillos\u201d era la m\u00e1s segura del estado de Guerrero, tambi\u00e9n puso en tela de juicio la participaci\u00f3n en dicho enfrentamiento.<\/p>\n\n\n\n<p>Se espera que durante la reuni\u00f3n que la Mesa Central para la Construcci\u00f3n de la Paz, que se realizar\u00e1 este lunes, los mandos de la Sedena y la Guardia Nacional aporten datos sobre el despliegue de este fin de semana.<\/p>\n","protected":false},"excerpt":{"rendered":"<p>&#8211; El despliegue genera expectaci\u00f3n, la Mesa Central aclara que se trata de recoridos de vigilancia normales Sni Trabajos de vigilancia de personal del Ej\u00e9rcito Mexicano y la Guyardia Nacional&hellip; <\/p>\n","protected":false},"author":4,"featured_media":41448,"comment_status":"open","ping_status":"open","sticky":false,"template":"","format":"standard","meta":{"fifu_image_url":"","fifu_image_alt":"","footnotes":""},"categories":[27],"tags":[],"class_list":["post-41453","post","type-post","status-publish","format-standard","has-post-thumbnail","hentry","category-seguridad-publica"],"_links":{"self":[{"href":"https:\/\/www.interaccionnoticias.com.mx\/index.php?rest_route=\/wp\/v2\/posts\/41453","targetHints":{"allow":["GET"]}}],"collection":[{"href":"https:\/\/www.interaccionnoticias.com.mx\/index.php?rest_route=\/wp\/v2\/posts"}],"about":[{"href":"https:\/\/www.interaccionnoticias.com.mx\/index.php?rest_route=\/wp\/v2\/types\/post"}],"author":[{"embeddable":true,"href":"https:\/\/www.interaccionnoticias.com.mx\/index.php?rest_route=\/wp\/v2\/users\/4"}],"replies":[{"embeddable":true,"href":"https:\/\/www.interaccionnoticias.com.mx\/index.php?rest_route=%2Fwp%2Fv2%2Fcomments&post=41453"}],"version-history":[{"count":1,"href":"https:\/\/www.interaccionnoticias.com.mx\/index.php?rest_route=\/wp\/v2\/posts\/41453\/revisions"}],"predecessor-version":[{"id":41454,"href":"https:\/\/www.interaccionnoticias.com.mx\/index.php?rest_route=\/wp\/v2\/posts\/41453\/revisions\/41454"}],"wp:featuredmedia":[{"embeddable":true,"href":"https:\/\/www.interaccionnoticias.com.mx\/index.php?rest_route=\/wp\/v2\/media\/41448"}],"wp:attachment":[{"href":"https:\/\/www.interaccionnoticias.com.mx\/index.php?rest_route=%2Fwp%2Fv2%2Fmedia&parent=41453"}],"wp:term":[{"taxonomy":"category","embeddable":true,"href":"https:\/\/www.interaccionnoticias.com.mx\/index.php?rest_route=%2Fwp%2Fv2%2Fcategories&post=41453"},{"taxonomy":"post_tag","embeddable":true,"href":"https:\/\/www.interaccionnoticias.com.mx\/index.php?rest_route=%2Fwp%2Fv2%2Ftags&post=41453"}],"curies":[{"name":"wp","href":"https:\/\/api.w.org\/{rel}","templated":true}]}}