{"id":41444,"date":"2022-02-13T19:46:10","date_gmt":"2022-02-14T01:46:10","guid":{"rendered":"https:\/\/interaccionnoticias.com.mx\/?p=41444"},"modified":"2022-02-13T19:46:15","modified_gmt":"2022-02-14T01:46:15","slug":"la-jucopo-no-ha-dialogado-sobre-la-comparecencia-del-gabinete-de-seguridad-del-estado-aclara-lider-parlamentario-del-pri","status":"publish","type":"post","link":"https:\/\/www.interaccionnoticias.com.mx\/?p=41444","title":{"rendered":"La Jucopo no ha dialogado sobre la comparecencia del gabinete de Seguridad del Estado, aclara l\u00edder parlamentario del PRI"},"content":{"rendered":"\n<p><strong><em>&#8211; Si bien es importante, antes se deben resolver los problemas internos, se\u00f1ala H\u00e9ctor Apreza Patr\u00f3n<br>&#8211; No se puede ser candil de la calle y oscuridad de la casa<\/em><\/strong><\/p>\n\n\n\n<p><strong>Rogelio Agust\u00edn<\/strong><\/p>\n\n\n\n<p>El coordinador de la fracci\u00f3n parlamentaria del PRI en el Congreso local, H\u00e9ctor Apreza Patr\u00f3n aclar\u00f3 que hasta el momento, la Junta de Coordinaci\u00f3n Pol\u00edtica (Jucopo) del Congreso local no ha consensado la posibilidad de llamara a comparecer al gabinete de seguridad del Gobierno del Estado, entre otras cosas, por la cantidad de problemas internos que tiene sin resolver.<\/p>\n\n\n\n<p>La ma\u00f1ana del viernes, el presidente de la Jucopo, Alfredo S\u00e1nchez Esquivel coment\u00f3 que derivado de la problem\u00e1tica que existe, al seno del Congreso se considera la posibilidad de llamar a comparecer al titular de la Secretar\u00eda General de Gobierno, Ludwid Marcial Reynoso N\u00fa\u00f1ez; al secretario de Seguridad P\u00fablica (SSP), Evelio M\u00e9ndez G\u00f3mez y tambi\u00e9n a la titular de la Fiscal\u00eda General del Estado (FGE), Sandra Luz Valdovinos Salmer\u00f3n.<\/p>\n\n\n\n<p>En el caso del secretario de Gobierno y del titular de la SSP, se requiere la anuencia de la gobernadora Evelyn Salgado Pineda, en tanto que la FGE es un \u00f3rgano aut\u00f3nomo, cuyo nombramiento pasa por el Pleno del Congreso.<\/p>\n\n\n\n<p>El viernes 11 de febrero, el presidente de la Jucopo dej\u00f3 entrever la posibilidad de que el martes 15, la Jucopo pudiera tener ya un acuerdo respecto a la fecha en que se podr\u00eda desarrollar la comparecencia.<\/p>\n\n\n\n<p>Cuestionado al respecto, el coordinador de la bancada del PRI, as\u00ed como secretario de la Jucopo, H\u00e9ctor Apreza Patr\u00f3n manifest\u00f3 que el asunto no se ha planteado al seno de la Junta de Coordinaci\u00f3n, de tal manera que las declaraciones de su presidente son a titulo personal.<\/p>\n\n\n\n<p>\u201cNosotros no hemos sido llamados ni convocados para tratar el tema, debemos recordar que el Congreso es un organo colegiado, sus acciones y decisiones no pueden realizarse de manera unipersonal\u201d, anot\u00f3 el l\u00edder de la bancada triocolor.<\/p>\n\n\n\n<p>Agreg\u00f3: \u201cSi bien es cierto que el Congreso tiene la facutad de estar pendiente de lo que sucede en lo que p\u00e0sa en los otros poderes p\u00fablicos, as\u00ed como en los \u00f3rganos aut\u00f3nomos, tambi\u00e9n es cierto que actualmente se tienen muchos problemas internos en los que se deben ocupar\u201d.<\/p>\n\n\n\n<p>Y cerr\u00f3: \u201cEn estos momentos aplica la m\u00e1xia de que el buen juez por su casa empieza, porque no se puede ser candil de la calle y oscuridad de la casa\u201d.<\/p>\n","protected":false},"excerpt":{"rendered":"<p>&#8211; Si bien es importante, antes se deben resolver los problemas internos, se\u00f1ala H\u00e9ctor Apreza Patr\u00f3n&#8211; No se puede ser candil de la calle y oscuridad de la casa Rogelio&hellip; <\/p>\n","protected":false},"author":21,"featured_media":41445,"comment_status":"open","ping_status":"open","sticky":false,"template":"","format":"standard","meta":{"fifu_image_url":"","fifu_image_alt":"","footnotes":""},"categories":[2],"tags":[],"class_list":["post-41444","post","type-post","status-publish","format-standard","has-post-thumbnail","hentry","category-congreso"],"_links":{"self":[{"href":"https:\/\/www.interaccionnoticias.com.mx\/index.php?rest_route=\/wp\/v2\/posts\/41444","targetHints":{"allow":["GET"]}}],"collection":[{"href":"https:\/\/www.interaccionnoticias.com.mx\/index.php?rest_route=\/wp\/v2\/posts"}],"about":[{"href":"https:\/\/www.interaccionnoticias.com.mx\/index.php?rest_route=\/wp\/v2\/types\/post"}],"author":[{"embeddable":true,"href":"https:\/\/www.interaccionnoticias.com.mx\/index.php?rest_route=\/wp\/v2\/users\/21"}],"replies":[{"embeddable":true,"href":"https:\/\/www.interaccionnoticias.com.mx\/index.php?rest_route=%2Fwp%2Fv2%2Fcomments&post=41444"}],"version-history":[{"count":1,"href":"https:\/\/www.interaccionnoticias.com.mx\/index.php?rest_route=\/wp\/v2\/posts\/41444\/revisions"}],"predecessor-version":[{"id":41446,"href":"https:\/\/www.interaccionnoticias.com.mx\/index.php?rest_route=\/wp\/v2\/posts\/41444\/revisions\/41446"}],"wp:featuredmedia":[{"embeddable":true,"href":"https:\/\/www.interaccionnoticias.com.mx\/index.php?rest_route=\/wp\/v2\/media\/41445"}],"wp:attachment":[{"href":"https:\/\/www.interaccionnoticias.com.mx\/index.php?rest_route=%2Fwp%2Fv2%2Fmedia&parent=41444"}],"wp:term":[{"taxonomy":"category","embeddable":true,"href":"https:\/\/www.interaccionnoticias.com.mx\/index.php?rest_route=%2Fwp%2Fv2%2Fcategories&post=41444"},{"taxonomy":"post_tag","embeddable":true,"href":"https:\/\/www.interaccionnoticias.com.mx\/index.php?rest_route=%2Fwp%2Fv2%2Ftags&post=41444"}],"curies":[{"name":"wp","href":"https:\/\/api.w.org\/{rel}","templated":true}]}}