{"id":41439,"date":"2022-02-13T17:37:41","date_gmt":"2022-02-13T23:37:41","guid":{"rendered":"https:\/\/interaccionnoticias.com.mx\/?p=41439"},"modified":"2022-02-13T17:37:45","modified_gmt":"2022-02-13T23:37:45","slug":"asesinan-a-un-hombre-en-acapulco","status":"publish","type":"post","link":"https:\/\/www.interaccionnoticias.com.mx\/?p=41439","title":{"rendered":"Asesinan a un hombre en Acapulco"},"content":{"rendered":"\n<p><strong><em>&#8211; Hechos ocurridos en el malec\u00f3n<\/em><\/strong><\/p>\n\n\n\n<p><strong>Javier Trujillo<\/strong><\/p>\n\n\n\n<p><strong>Acapulco, Gro.-<\/strong> Un hombre fue asesinado de varios balazos en el malec\u00f3n, en el puerto de Acapulco, junto al cuerpo le dejaron una cartulina con un mensaje.<\/p>\n\n\n\n<p>El hecho de violencia ocurri\u00f3 en una de las zonas m\u00e1s vigiladas de este destino tur\u00edstico, en la colonia Centro, en el \u00e1rea del malec\u00f3n.<\/p>\n\n\n\n<p>Tras los disparos, una llamada an\u00f3nima al Servicio de Emergencia del 911, se report\u00f3 disparos de arma de fuego, lo que moviliz\u00f3 a efectivos de las diversas corporaciones locales, estatales y federales.<\/p>\n\n\n\n<p>En la zona del malec\u00f3n, a un costado de la costera Miguel Alem\u00e1n, zona del Acapulco tradicional, qued\u00f3 el cad\u00e1ver de un hombre con varios impactos de arma.<\/p>\n\n\n\n<p>De acuerdo con testigos de la ejecuci\u00f3n, el victimario hab\u00eda platicado con la v\u00edctima y en un instante desenfunda un arma y le dispar\u00f3 en varias ocasiones, para retirarse a bordo de una motocicleta.<\/p>\n\n\n\n<p>Entre una tienda de conveniencia y unos ba\u00f1os p\u00fablicos, qued\u00f3 el cad\u00e1ver y junto al occiso un mensaje en una cartulina de la cual se desconoce el contenido porque personal del la Polic\u00eda Investigadora Ministerial, asegur\u00f3 el escrito que dej\u00f3 su victimario.<\/p>\n\n\n\n<p>Testimonios obtenidos en el lugar del cr\u00edmen, aseguran que a la v\u00edctima se le conoc\u00eda como \u00abEl movido\u00bb, pero nadie supo su nombre.<\/p>\n\n\n\n<p>M\u00e1s tarde, personal de Servicios Periciales, realiz\u00f3 las diligencias y posteriormente el Servicio M\u00e9dico Forense, realiz\u00f3 el levantamiento cadav\u00e9rico, iba en calidad de desconocido.<\/p>\n","protected":false},"excerpt":{"rendered":"<p>&#8211; Hechos ocurridos en el malec\u00f3n Javier Trujillo Acapulco, Gro.- Un hombre fue asesinado de varios balazos en el malec\u00f3n, en el puerto de Acapulco, junto al cuerpo le dejaron&hellip; <\/p>\n","protected":false},"author":3,"featured_media":41436,"comment_status":"open","ping_status":"open","sticky":false,"template":"","format":"standard","meta":{"fifu_image_url":"","fifu_image_alt":"","footnotes":""},"categories":[27],"tags":[],"class_list":["post-41439","post","type-post","status-publish","format-standard","has-post-thumbnail","hentry","category-seguridad-publica"],"_links":{"self":[{"href":"https:\/\/www.interaccionnoticias.com.mx\/index.php?rest_route=\/wp\/v2\/posts\/41439","targetHints":{"allow":["GET"]}}],"collection":[{"href":"https:\/\/www.interaccionnoticias.com.mx\/index.php?rest_route=\/wp\/v2\/posts"}],"about":[{"href":"https:\/\/www.interaccionnoticias.com.mx\/index.php?rest_route=\/wp\/v2\/types\/post"}],"author":[{"embeddable":true,"href":"https:\/\/www.interaccionnoticias.com.mx\/index.php?rest_route=\/wp\/v2\/users\/3"}],"replies":[{"embeddable":true,"href":"https:\/\/www.interaccionnoticias.com.mx\/index.php?rest_route=%2Fwp%2Fv2%2Fcomments&post=41439"}],"version-history":[{"count":1,"href":"https:\/\/www.interaccionnoticias.com.mx\/index.php?rest_route=\/wp\/v2\/posts\/41439\/revisions"}],"predecessor-version":[{"id":41440,"href":"https:\/\/www.interaccionnoticias.com.mx\/index.php?rest_route=\/wp\/v2\/posts\/41439\/revisions\/41440"}],"wp:featuredmedia":[{"embeddable":true,"href":"https:\/\/www.interaccionnoticias.com.mx\/index.php?rest_route=\/wp\/v2\/media\/41436"}],"wp:attachment":[{"href":"https:\/\/www.interaccionnoticias.com.mx\/index.php?rest_route=%2Fwp%2Fv2%2Fmedia&parent=41439"}],"wp:term":[{"taxonomy":"category","embeddable":true,"href":"https:\/\/www.interaccionnoticias.com.mx\/index.php?rest_route=%2Fwp%2Fv2%2Fcategories&post=41439"},{"taxonomy":"post_tag","embeddable":true,"href":"https:\/\/www.interaccionnoticias.com.mx\/index.php?rest_route=%2Fwp%2Fv2%2Ftags&post=41439"}],"curies":[{"name":"wp","href":"https:\/\/api.w.org\/{rel}","templated":true}]}}