{"id":41429,"date":"2022-02-12T12:47:51","date_gmt":"2022-02-12T18:47:51","guid":{"rendered":"https:\/\/interaccionnoticias.com.mx\/?p=41429"},"modified":"2022-02-12T12:47:56","modified_gmt":"2022-02-12T18:47:56","slug":"derechos-humanos-pide-medidas-cautelares-para-ex-directora-de-recursos-humanos-de-la-fiscalia-de-guerrero","status":"publish","type":"post","link":"https:\/\/www.interaccionnoticias.com.mx\/?p=41429","title":{"rendered":"Derechos Humanos pide medidas cautelares para ex directora de Recursos Humanos de la Fiscal\u00eda de Guerrero"},"content":{"rendered":"\n<p><strong><em>&#8211; Inicia un expediente, anticipa que dar\u00e1 seguimiento al caso<\/em><\/strong><\/p>\n\n\n\n<p><strong>Rogelio Agust\u00edn<\/strong><\/p>\n\n\n\n<p>La Comisi\u00f3n de Derechos Humanos del Estado de Guerrero (CDHEG) confirm\u00f3 que ya se integr\u00f3 un expediente por los actos probablemente violatorios cometidos en agravio de Marvilla Melo Vela, quien la noche del jueves sostuvo un diferendo con la titular de la Fiscal\u00eda General del Estado (FGE), por lo que tambi\u00e9n pidi\u00f3 el otorgamiento de medidas cautelares.<\/p>\n\n\n\n<p>La CDHEG confirm\u00f3 que la noche del jueves, otorg\u00f3 la atenci\u00f3n correspondiente, tras el reporte que hizo una hermana de quien fuera directora de Recursos Humanos de la FGE.<\/p>\n\n\n\n<p>\u201cDerivada de la atenci\u00f3n brindada por la CDHEG, se radic\u00f3 un expediente de queja por los probables hechos violatorios de los derechos humanos a Marvilla Melo\u201d, se\u00f1ala el comunicado del organismo.<\/p>\n\n\n\n<p>Agrega que tambi\u00e9n se solicit\u00f3 el otorgamiento de medidas cautelares a la FGE, para garantizar la protecci\u00f3n de la integridad f\u00edsica y psicol\u00f3gica de la quejosa.<br>La CDHEG anticip\u00f3 que le dar\u00e1 un seguimiento puntual al caso.<\/p>\n\n\n\n<p>La ma\u00f1ana del viernes 11 de febrero, la FGE inform\u00f3 que la ex directora de Recursos Humanos de la CDHEG agredi\u00f3 con una mordida a la fiscal Sandra Luz Valdovinos Salmer\u00f3n, luego de que se le notificara su cambio de adscripci\u00f3n y sufriera una crisis nerviosa.<\/p>\n\n\n\n<p>Sin embargo, Marvilla Melo ofreci\u00f3 una conferencia de prensa en la que dijo que teme por su vida, a partir de que la titular de la FGE amenaz\u00f3 con destruirla, a ella y su familia.<\/p>\n","protected":false},"excerpt":{"rendered":"<p>&#8211; Inicia un expediente, anticipa que dar\u00e1 seguimiento al caso Rogelio Agust\u00edn La Comisi\u00f3n de Derechos Humanos del Estado de Guerrero (CDHEG) confirm\u00f3 que ya se integr\u00f3 un expediente por&hellip; <\/p>\n","protected":false},"author":21,"featured_media":41430,"comment_status":"open","ping_status":"open","sticky":false,"template":"","format":"standard","meta":{"fifu_image_url":"","fifu_image_alt":"","footnotes":""},"categories":[27],"tags":[],"class_list":["post-41429","post","type-post","status-publish","format-standard","has-post-thumbnail","hentry","category-seguridad-publica"],"_links":{"self":[{"href":"https:\/\/www.interaccionnoticias.com.mx\/index.php?rest_route=\/wp\/v2\/posts\/41429","targetHints":{"allow":["GET"]}}],"collection":[{"href":"https:\/\/www.interaccionnoticias.com.mx\/index.php?rest_route=\/wp\/v2\/posts"}],"about":[{"href":"https:\/\/www.interaccionnoticias.com.mx\/index.php?rest_route=\/wp\/v2\/types\/post"}],"author":[{"embeddable":true,"href":"https:\/\/www.interaccionnoticias.com.mx\/index.php?rest_route=\/wp\/v2\/users\/21"}],"replies":[{"embeddable":true,"href":"https:\/\/www.interaccionnoticias.com.mx\/index.php?rest_route=%2Fwp%2Fv2%2Fcomments&post=41429"}],"version-history":[{"count":1,"href":"https:\/\/www.interaccionnoticias.com.mx\/index.php?rest_route=\/wp\/v2\/posts\/41429\/revisions"}],"predecessor-version":[{"id":41431,"href":"https:\/\/www.interaccionnoticias.com.mx\/index.php?rest_route=\/wp\/v2\/posts\/41429\/revisions\/41431"}],"wp:featuredmedia":[{"embeddable":true,"href":"https:\/\/www.interaccionnoticias.com.mx\/index.php?rest_route=\/wp\/v2\/media\/41430"}],"wp:attachment":[{"href":"https:\/\/www.interaccionnoticias.com.mx\/index.php?rest_route=%2Fwp%2Fv2%2Fmedia&parent=41429"}],"wp:term":[{"taxonomy":"category","embeddable":true,"href":"https:\/\/www.interaccionnoticias.com.mx\/index.php?rest_route=%2Fwp%2Fv2%2Fcategories&post=41429"},{"taxonomy":"post_tag","embeddable":true,"href":"https:\/\/www.interaccionnoticias.com.mx\/index.php?rest_route=%2Fwp%2Fv2%2Ftags&post=41429"}],"curies":[{"name":"wp","href":"https:\/\/api.w.org\/{rel}","templated":true}]}}