{"id":41417,"date":"2022-02-11T17:03:48","date_gmt":"2022-02-11T23:03:48","guid":{"rendered":"https:\/\/interaccionnoticias.com.mx\/?p=41417"},"modified":"2022-02-11T17:03:53","modified_gmt":"2022-02-11T23:03:53","slug":"congreso-de-guerrero-pretende-llamar-a-comparecer-al-gabinete-de-seguridad","status":"publish","type":"post","link":"https:\/\/www.interaccionnoticias.com.mx\/?p=41417","title":{"rendered":"Congreso de Guerrero pretende llamar a comparecer al gabinete de Seguridad"},"content":{"rendered":"\n<p><strong><em>&#8211; Se han presentado situaciones que ponen en riesgo la gobernabilidad<\/em><\/strong><\/p>\n\n\n\n<p><strong>Rogelio Agust\u00edn<\/strong><\/p>\n\n\n\n<p>El Congreso local plantea llamar a comparecer al gabinete de seguridad del Gobierno de Guerrero, para efecto de que se informen detalles de las acciones que se han realizado en situaciones que han representado un riesgo para la gobernabilidad de la entidad.<\/p>\n\n\n\n<p>Alfredo S\u00e1nchez Esquivel, presidente de la Jucopo y coordinador de la bancada de Morena, sostiene que entre las coordinaciones de fracci\u00f3n y representaciones de partido, existe el inter\u00e9s de llamar a comparecer a tres funcionarios que ocupan espacios claves en la administraci\u00f3n p\u00fablica estatal.<\/p>\n\n\n\n<p>Se trata del secretario general de Gobierno, Ludwid Marcial Reynoso N\u00fa\u00f1ez; el titular de Seguridad P\u00fablica (SSP), Evelio M\u00e9ndez G\u00f3mez y la titular de la Fiscal\u00eda General del Estado (FGE) Sandra Luz Valdovinos Salmer\u00f3n.<\/p>\n\n\n\n<p>Indic\u00f3 que hay situaciones que han generado un fuerte impacto en la sociedad del estado, como el ataque ocurrido en la base de operaciones de la Uni\u00f3n de Pueblos y Organizaciones del Estado de Guerrero (UPOEG) de Buena Vista de la Salud, en el municipio de Chilpancingo, que dej\u00f3 el saldo de seis personas muertas.<\/p>\n\n\n\n<p>La problem\u00e1tica que se enfrenta en la Monta\u00f1a baja, donde constantemente se reportan enfrentamientos a balazos en las comunidades que se encuentra sobre la ruta que lleva hacia Jos\u00e9 Joaqu\u00edn de Herrera y las escaladas de violencia que de pronto se registran en algunos puntos de la regi\u00f3n Norte, como Iguala o Huitzuco de los Figueroa.<\/p>\n\n\n\n<p>Entre los asuntos que interesan al Congreso, est\u00e1 tambi\u00e9n lo relacionado con el enfrentamiento que se suscit\u00f3 la jornada del 4 de febrero en la caseta de peaje de palo Blanco, en la Autopista del Sol, donde se registr\u00f3 el lanzamiento de una gran cantidad de petardos y bombas molotov por parte de los estudiantes de la Normal Rural de Ayotzinapa, adem\u00e1s, se dej\u00f3 caer un tr\u00e1iler sin conductor sobre personal de la Polic\u00eda del Estado y la Guardia Nacional.<\/p>\n\n\n\n<p>A los hechos antes mencionados, se suma el conflicto que este fin de semana se report\u00f3 entre la titular de la FGE, Sandra Luz Valdovinos y la ex directora de Recursos Humanos de la misma dependencia Marvilla Alicia Melo, pues se\u00f1ala, se trata de una situaci\u00f3n que puede tornarse complicada, por la intensidad de las denuncias que se han hecho.<\/p>\n\n\n\n<p>En el tema de la FGE, record\u00f3 que el nombramiento de la titular pasa por el Pleno del Congreso y conseguir la designaci\u00f3n no fue sencillo, de ah\u00ed que lo sucedido la noche del jueves genere mucha inquietud.<\/p>\n\n\n\n<p>\u201cHan pasado cosas importantes en el \u00e1mbito de competencias de esas tres instancias, por esa raz\u00f3n es que el Congreso tiene mucho inter\u00e9s; queremos saber porque ocurrieron algunas situaciones, como sucedieron y qu\u00e9 se hizo ante ellas, si hubo operaci\u00f3n pol\u00edtica donde se requer\u00eda o s\u00ed se implementaron los operativos correspondientes en lo que se refiere al tema de la inseguridad\u201d, anot\u00f3.<\/p>\n\n\n\n<p>A pregunta expresa, dijo que en el inicio de la pr\u00f3xima semana se podr\u00eda tener ya una fecha tentativa para la comparecencia, incluso ya con algunos planteamientos concretos para hacerlos llegar a los funcionarios correspondientes.<\/p>\n","protected":false},"excerpt":{"rendered":"<p>&#8211; Se han presentado situaciones que ponen en riesgo la gobernabilidad Rogelio Agust\u00edn El Congreso local plantea llamar a comparecer al gabinete de seguridad del Gobierno de Guerrero, para efecto&hellip; <\/p>\n","protected":false},"author":21,"featured_media":41418,"comment_status":"open","ping_status":"open","sticky":false,"template":"","format":"standard","meta":{"fifu_image_url":"","fifu_image_alt":"","footnotes":""},"categories":[2],"tags":[],"class_list":["post-41417","post","type-post","status-publish","format-standard","has-post-thumbnail","hentry","category-congreso"],"_links":{"self":[{"href":"https:\/\/www.interaccionnoticias.com.mx\/index.php?rest_route=\/wp\/v2\/posts\/41417","targetHints":{"allow":["GET"]}}],"collection":[{"href":"https:\/\/www.interaccionnoticias.com.mx\/index.php?rest_route=\/wp\/v2\/posts"}],"about":[{"href":"https:\/\/www.interaccionnoticias.com.mx\/index.php?rest_route=\/wp\/v2\/types\/post"}],"author":[{"embeddable":true,"href":"https:\/\/www.interaccionnoticias.com.mx\/index.php?rest_route=\/wp\/v2\/users\/21"}],"replies":[{"embeddable":true,"href":"https:\/\/www.interaccionnoticias.com.mx\/index.php?rest_route=%2Fwp%2Fv2%2Fcomments&post=41417"}],"version-history":[{"count":1,"href":"https:\/\/www.interaccionnoticias.com.mx\/index.php?rest_route=\/wp\/v2\/posts\/41417\/revisions"}],"predecessor-version":[{"id":41419,"href":"https:\/\/www.interaccionnoticias.com.mx\/index.php?rest_route=\/wp\/v2\/posts\/41417\/revisions\/41419"}],"wp:featuredmedia":[{"embeddable":true,"href":"https:\/\/www.interaccionnoticias.com.mx\/index.php?rest_route=\/wp\/v2\/media\/41418"}],"wp:attachment":[{"href":"https:\/\/www.interaccionnoticias.com.mx\/index.php?rest_route=%2Fwp%2Fv2%2Fmedia&parent=41417"}],"wp:term":[{"taxonomy":"category","embeddable":true,"href":"https:\/\/www.interaccionnoticias.com.mx\/index.php?rest_route=%2Fwp%2Fv2%2Fcategories&post=41417"},{"taxonomy":"post_tag","embeddable":true,"href":"https:\/\/www.interaccionnoticias.com.mx\/index.php?rest_route=%2Fwp%2Fv2%2Ftags&post=41417"}],"curies":[{"name":"wp","href":"https:\/\/api.w.org\/{rel}","templated":true}]}}